{"id":1043,"date":"2023-04-13T11:55:24","date_gmt":"2023-04-13T09:55:24","guid":{"rendered":"https:\/\/www.tung.ch\/?p=1043"},"modified":"2023-04-13T11:55:24","modified_gmt":"2023-04-13T09:55:24","slug":"bunte-vielfalt-nagellack-trends-fuer-2023","status":"publish","type":"post","link":"https:\/\/www.tung.ch\/de\/lifestyle\/bunte-vielfalt-nagellack-trends-fuer-2023\/","title":{"rendered":"Bunte Vielfalt: Nagellack Trends f\u00fcr 2023"},"content":{"rendered":"<h2>Bunt und gl\u00e4nzend: Die Nagellack-Revolution der neuen Saison<\/h2>\n<p><strong>Nagellack h\u00e4lt dieses Jahr alle Fashionistas in Atem und geht als Trendsetter durch die Decke! In der farbenspr\u00fchenden Palette ist f\u00fcr jeden Geschmack etwas dabei: leuchtend kr\u00e4ftige T\u00f6ne, zarte Pastellnuancen und funkelnde Metallic-Farben bezaubern die Fingerspitzen. Aber welche Farben sind die Must-Haves der Saison? Und welche Brands halten ihr Qualit\u00e4tsversprechen? Der stern bietet den alles umfassenden \u00dcberblick!<\/strong><\/p>\n<p>Im Jahr 2023 wird sich die Nagelwelt aufregenden und gewagten Trends hingeben. Von mutigen Farben bis hin zu extravaganten Designs ist alles dabei, um die Aufmerksamkeit auf die N\u00e4gel zu lenken. Die neuesten Nagellacktrends werden die Welt der Nagelkunst herausfordern und \u00fcberraschen. Der stern nimmt Sie mit auf eine inspirierende Reise durch die aufregendsten Nageltrends und gibt Ihnen Tipps, wie Sie zu Hause eine perfekte Manik\u00fcre zaubern k\u00f6nnen. Lassen Sie sich von uns inspirieren und verleihen Sie Ihren N\u00e4geln das gewisse Extra!<\/p>\n<h2>Schritt f\u00fcr Schritt zu gepflegten N\u00e4geln: Die perfekte Manik\u00fcre<\/h2>\n<p>Die Manik\u00fcre ist ein wichtiger Schritt, um die H\u00e4nde bestm\u00f6glich zu pflegen und zu verw\u00f6hnen. Bevor der Nagellack aufgetragen wird, sollten die N\u00e4gel gr\u00fcndlich behandelt werden. Denn schliesslich wollen wir alle gepflegte, gleichm\u00e4ssige N\u00e4gel. Eine professionelle Manik\u00fcre beginnt mit einer gr\u00fcndlichen Reinigung und Feilung der N\u00e4gel, um sicherzustellen, dass sie in Form und L\u00e4nge perfekt sind. Anschliessend wird die Nagelhaut und Hornhaut sanft entfernt, um ein glattes und gleichm\u00e4ssiges Nagelbett zu schaffen. Das ist die perfekte Basis f\u00fcr einen beeindruckenden Nagellack-Auftrag! Also g\u00f6nnen Sie sich eine professionelle Manik\u00fcre und f\u00fchlen Sie sich wie eine K\u00f6nigin!<\/p>\n<h2>Neon Nails: Der Trend-Look des Sommers<\/h2>\n<p>In diesem Jahr hat ein Farbtrend die Modewelt und soziale Medien erobert, der wirklich Aufsehen erregt \u2013 auff\u00e4llige Farben. Im Nagellackbereich dominieren knallige und leuchtende T\u00f6ne das Geschehen und setzen den Massstab. Insbesondere Neonfarben wie Orange, Pink und Gr\u00fcn sind die absoluten Favoriten. Ob f\u00fcr den Sommer, Partys oder Festivals \u2013 diese trendigen Nagellackfarben sind ein Muss.<\/p>\n<p>Damit das Ergebnis auch wirklich perfekt wird, ist es wichtig, den Nagellack gleichm\u00e4ssig und sorgf\u00e4ltig aufzutragen sowie ausreichend trocknen zu lassen. Und nat\u00fcrlich sollten die eigenen N\u00e4gel in einem gesunden Zustand sein, um den Nagellack optimal zur Geltung zu bringen. G\u00f6nnen Sie Ihren N\u00e4geln eine aufregende Farbauffrischung und verleihen Sie Ihrem Look eine Extraportion Extravaganz!<\/p>\n<h2>Negative Space: Die neueste Nail-Art Sensation<\/h2>\n<p>Im boomenden Nagellackbereich hat sich das &#8222;Negative Space Design&#8220; als unverzichtbar etabliert. Hierbei werden nur bestimmte Partien der N\u00e4gel farblich gestaltet, w\u00e4hrend andere Partien frei bleiben und damit ein originelles und kreatives Design entsteht. Dieser Trend ist \u00e4usserst vielseitig und kann sich jeder Stilrichtung und jedem Anlass anpassen. Das finale Ergebnis ist schlicht, aber doch elegant. Insbesondere Pastellt\u00f6ne eignen sich perfekt, um dezente Looks zu kreieren. Dieser gefragte Trend ist nicht nur minimalistisch, sondern auch absolut modisch.<\/p>\n<h2>Auf funkelnden Pfaden: Die Welt der Nagelkunst<\/h2>\n<p>Die Welt der Nagelkunst ist aufregender und glamour\u00f6ser als je zuvor! Mit funkelnden Strasssteinen, Perlen und anderen dekorativen Elementen wird jeder einzelne Nagel zu einem atemberaubenden Kunstwerk, das perfekt f\u00fcr besondere Anl\u00e4sse oder einen aufregenden Abend in der Stadt geeignet ist. Die Farben und Gr\u00f6ssen des funkelnden Zaubers bieten endlose M\u00f6glichkeiten f\u00fcr individuelle Designs &#8211; von subtilen Akzenten auf einzelnen N\u00e4geln bis hin zu auff\u00e4lligen Hinguckern an allen Fingern. Mit glitzernden Fingern\u00e4geln sind Sie f\u00fcr jede Gelegenheit bestens ger\u00fcstet! G\u00f6nnen Sie Ihren N\u00e4geln das verdiente &#8222;Wow&#8220;-Erlebnis und beeindrucken Sie alle um Sie herum!<\/p>\n<h3>Der Glanzfaktor: Wie der \u00dcberlack deine Nagellack-Looks auf ein neues Level hebt<\/h3>\n<p>Am Ende darf nat\u00fcrlich der unverzichtbare K\u00f6nig des Nagellackauftrags nicht vergessen werden &#8211; der \u00dcberlack! Dieses kleine Wundermittel verleiht unserem Nagellack nicht nur eine atemberaubende, gl\u00e4nzende Oberfl\u00e4che, sondern sch\u00fctzt auch vor den allt\u00e4glichen Feinden wie Wasser und Kratzern. Es gibt verschiedene Arten von \u00dcberlacken &#8211; von schnell trocknenden bis hin zu wellnessorientierten Optionen. Sie k\u00f6nnen auch zwischen matten oder gl\u00e4nzenden Varianten w\u00e4hlen. Das Wichtigste ist jedoch, dass der \u00dcberlack perfekt auf Ihren lackierten Nagel abgestimmt ist, um die optimale Wirkung zu erzielen. Wenn Sie ein makelloses Nageldesign anstreben, sollten Sie keinesfalls ohne den Einsatz von \u00dcberlack auskommen. 2023 wird ein aufregendes Jahr f\u00fcr Nageldesign, denn es gibt endlose M\u00f6glichkeiten, um unsere N\u00e4gel auf stylische Art und Weise erstrahlen zu lassen. W\u00e4hlen Sie einen trendigen Look, um Ihren einzigartigen Stil auszudr\u00fccken und Ihre N\u00e4gel zum begehrten Hingucker zu machen.<\/p>\n","protected":false},"excerpt":{"rendered":"<p>Bunt und gl\u00e4nzend: Die Nagellack-Revolution der neuen Saison Nagellack h\u00e4lt dieses Jahr alle Fashionistas in Atem und geht als Trendsetter durch die Decke! In der farbenspr\u00fchenden Palette ist f\u00fcr jeden Geschmack etwas dabei: leuchtend kr\u00e4ftige T\u00f6ne, zarte Pastellnuancen und funkelnde Metallic-Farben bezaubern die Fingerspitzen. Aber welche Farben sind die Must-Haves der Saison? Und welche Brands [&hellip;]<\/p>\n","protected":false},"author":2,"featured_media":1044,"comment_status":"closed","ping_status":"closed","sticky":false,"template":"","format":"standard","meta":{"inline_featured_image":false,"footnotes":""},"categories":[32,18],"tags":[66,71,357],"class_list":{"0":"post-1043","1":"post","2":"type-post","3":"status-publish","4":"format-standard","5":"has-post-thumbnail","7":"category-beauty-trend","8":"category-lifestyle","9":"tag-beauty","10":"tag-lifestyle","11":"tag-nagellacktrends2023"},"yoast_head":"<!-- This site is optimized with the Yoast SEO plugin v27.5 - https:\/\/yoast.com\/product\/yoast-seo-wordpress\/ -->\n<title>Bunte Vielfalt: Nagellack Trends f\u00fcr 2023 - Tung<\/title>\n<meta name=\"description\" content=\"Nagellack h\u00e4lt dieses Jahr alle Fashionistas in Atem und geht als Trendsetter durch die Decke! In der farbenspr\u00fchenden Palette ist f\u00fcr jeden\" \/>\n<meta name=\"robots\" content=\"index, follow, max-snippet:-1, max-image-preview:large, max-video-preview:-1\" \/>\n<link rel=\"canonical\" href=\"https:\/\/www.tung.ch\/de\/lifestyle\/bunte-vielfalt-nagellack-trends-fuer-2023\/\" \/>\n<meta property=\"og:locale\" content=\"de_DE\" \/>\n<meta property=\"og:type\" content=\"article\" \/>\n<meta property=\"og:title\" content=\"Bunte Vielfalt: Nagellack Trends f\u00fcr 2023 - Tung\" \/>\n<meta property=\"og:description\" content=\"Nagellack h\u00e4lt dieses Jahr alle Fashionistas in Atem und geht als Trendsetter durch die Decke! In der farbenspr\u00fchenden Palette ist f\u00fcr jeden\" \/>\n<meta property=\"og:url\" content=\"https:\/\/www.tung.ch\/de\/lifestyle\/bunte-vielfalt-nagellack-trends-fuer-2023\/\" \/>\n<meta property=\"og:site_name\" content=\"Tung\" \/>\n<meta property=\"article:publisher\" content=\"https:\/\/www.facebook.com\/tungch\" \/>\n<meta property=\"article:published_time\" content=\"2023-04-13T09:55:24+00:00\" \/>\n<meta property=\"og:image\" content=\"https:\/\/www.tung.ch\/wp-content\/uploads\/2023\/04\/Nagellack-Trends-2023_02.webp\" \/>\n\t<meta property=\"og:image:width\" content=\"1600\" \/>\n\t<meta property=\"og:image:height\" content=\"1067\" \/>\n\t<meta property=\"og:image:type\" content=\"image\/webp\" \/>\n<meta name=\"author\" content=\"Redaktion\" \/>\n<meta name=\"twitter:card\" content=\"summary_large_image\" \/>\n<meta name=\"twitter:label1\" content=\"Verfasst von\" \/>\n\t<meta name=\"twitter:data1\" content=\"Redaktion\" \/>\n\t<meta name=\"twitter:label2\" content=\"Gesch\u00e4tzte Lesezeit\" \/>\n\t<meta name=\"twitter:data2\" content=\"4\u00a0Minuten\" \/>\n<script type=\"application\/ld+json\" class=\"yoast-schema-graph\">{\"@context\":\"https:\\\/\\\/schema.org\",\"@graph\":[{\"@type\":\"Article\",\"@id\":\"https:\\\/\\\/www.tung.ch\\\/de\\\/lifestyle\\\/bunte-vielfalt-nagellack-trends-fuer-2023\\\/#article\",\"isPartOf\":{\"@id\":\"https:\\\/\\\/www.tung.ch\\\/de\\\/lifestyle\\\/bunte-vielfalt-nagellack-trends-fuer-2023\\\/\"},\"author\":{\"name\":\"Redaktion\",\"@id\":\"https:\\\/\\\/www.tung.ch\\\/de\\\/#\\\/schema\\\/person\\\/d5bddfa41438b967d82dae70b6bdd099\"},\"headline\":\"Bunte Vielfalt: Nagellack Trends f\u00fcr 2023\",\"datePublished\":\"2023-04-13T09:55:24+00:00\",\"mainEntityOfPage\":{\"@id\":\"https:\\\/\\\/www.tung.ch\\\/de\\\/lifestyle\\\/bunte-vielfalt-nagellack-trends-fuer-2023\\\/\"},\"wordCount\":778,\"publisher\":{\"@id\":\"https:\\\/\\\/www.tung.ch\\\/de\\\/#organization\"},\"image\":{\"@id\":\"https:\\\/\\\/www.tung.ch\\\/de\\\/lifestyle\\\/bunte-vielfalt-nagellack-trends-fuer-2023\\\/#primaryimage\"},\"thumbnailUrl\":\"https:\\\/\\\/www.tung.ch\\\/wp-content\\\/uploads\\\/2023\\\/04\\\/Nagellack-Trends-2023_02.webp\",\"keywords\":[\"Beauty\",\"Lifestyle\",\"NagellackTrends2023\"],\"articleSection\":[\"Beauty Trend\",\"Lifestyle\"],\"inLanguage\":\"de\"},{\"@type\":\"WebPage\",\"@id\":\"https:\\\/\\\/www.tung.ch\\\/de\\\/lifestyle\\\/bunte-vielfalt-nagellack-trends-fuer-2023\\\/\",\"url\":\"https:\\\/\\\/www.tung.ch\\\/de\\\/lifestyle\\\/bunte-vielfalt-nagellack-trends-fuer-2023\\\/\",\"name\":\"Bunte Vielfalt: Nagellack Trends f\u00fcr 2023 - Tung\",\"isPartOf\":{\"@id\":\"https:\\\/\\\/www.tung.ch\\\/de\\\/#website\"},\"primaryImageOfPage\":{\"@id\":\"https:\\\/\\\/www.tung.ch\\\/de\\\/lifestyle\\\/bunte-vielfalt-nagellack-trends-fuer-2023\\\/#primaryimage\"},\"image\":{\"@id\":\"https:\\\/\\\/www.tung.ch\\\/de\\\/lifestyle\\\/bunte-vielfalt-nagellack-trends-fuer-2023\\\/#primaryimage\"},\"thumbnailUrl\":\"https:\\\/\\\/www.tung.ch\\\/wp-content\\\/uploads\\\/2023\\\/04\\\/Nagellack-Trends-2023_02.webp\",\"datePublished\":\"2023-04-13T09:55:24+00:00\",\"description\":\"Nagellack h\u00e4lt dieses Jahr alle Fashionistas in Atem und geht als Trendsetter durch die Decke! In der farbenspr\u00fchenden Palette ist f\u00fcr jeden\",\"breadcrumb\":{\"@id\":\"https:\\\/\\\/www.tung.ch\\\/de\\\/lifestyle\\\/bunte-vielfalt-nagellack-trends-fuer-2023\\\/#breadcrumb\"},\"inLanguage\":\"de\",\"potentialAction\":[{\"@type\":\"ReadAction\",\"target\":[\"https:\\\/\\\/www.tung.ch\\\/de\\\/lifestyle\\\/bunte-vielfalt-nagellack-trends-fuer-2023\\\/\"]}]},{\"@type\":\"ImageObject\",\"inLanguage\":\"de\",\"@id\":\"https:\\\/\\\/www.tung.ch\\\/de\\\/lifestyle\\\/bunte-vielfalt-nagellack-trends-fuer-2023\\\/#primaryimage\",\"url\":\"https:\\\/\\\/www.tung.ch\\\/wp-content\\\/uploads\\\/2023\\\/04\\\/Nagellack-Trends-2023_02.webp\",\"contentUrl\":\"https:\\\/\\\/www.tung.ch\\\/wp-content\\\/uploads\\\/2023\\\/04\\\/Nagellack-Trends-2023_02.webp\",\"width\":1600,\"height\":1067,\"caption\":\"Nagellack Trends 2023_02\"},{\"@type\":\"BreadcrumbList\",\"@id\":\"https:\\\/\\\/www.tung.ch\\\/de\\\/lifestyle\\\/bunte-vielfalt-nagellack-trends-fuer-2023\\\/#breadcrumb\",\"itemListElement\":[{\"@type\":\"ListItem\",\"position\":1,\"name\":\"Startseite\",\"item\":\"https:\\\/\\\/www.tung.ch\\\/de\\\/tung\\\/\"},{\"@type\":\"ListItem\",\"position\":2,\"name\":\"Bunte Vielfalt: Nagellack Trends f\u00fcr 2023\"}]},{\"@type\":\"WebSite\",\"@id\":\"https:\\\/\\\/www.tung.ch\\\/de\\\/#website\",\"url\":\"https:\\\/\\\/www.tung.ch\\\/de\\\/\",\"name\":\"Tung\",\"description\":\"www.tung.ch\",\"publisher\":{\"@id\":\"https:\\\/\\\/www.tung.ch\\\/de\\\/#organization\"},\"alternateName\":\"Aktuelle News\",\"potentialAction\":[{\"@type\":\"SearchAction\",\"target\":{\"@type\":\"EntryPoint\",\"urlTemplate\":\"https:\\\/\\\/www.tung.ch\\\/de\\\/?s={search_term_string}\"},\"query-input\":{\"@type\":\"PropertyValueSpecification\",\"valueRequired\":true,\"valueName\":\"search_term_string\"}}],\"inLanguage\":\"de\"},{\"@type\":\"Organization\",\"@id\":\"https:\\\/\\\/www.tung.ch\\\/de\\\/#organization\",\"name\":\"Tung\",\"alternateName\":\"Aktuelle News\",\"url\":\"https:\\\/\\\/www.tung.ch\\\/de\\\/\",\"logo\":{\"@type\":\"ImageObject\",\"inLanguage\":\"de\",\"@id\":\"https:\\\/\\\/www.tung.ch\\\/de\\\/#\\\/schema\\\/logo\\\/image\\\/\",\"url\":\"https:\\\/\\\/www.tung.ch\\\/wp-content\\\/uploads\\\/2023\\\/03\\\/tung-favicon.webp\",\"contentUrl\":\"https:\\\/\\\/www.tung.ch\\\/wp-content\\\/uploads\\\/2023\\\/03\\\/tung-favicon.webp\",\"width\":300,\"height\":300,\"caption\":\"Tung\"},\"image\":{\"@id\":\"https:\\\/\\\/www.tung.ch\\\/de\\\/#\\\/schema\\\/logo\\\/image\\\/\"},\"sameAs\":[\"https:\\\/\\\/www.facebook.com\\\/tungch\"]},{\"@type\":\"Person\",\"@id\":\"https:\\\/\\\/www.tung.ch\\\/de\\\/#\\\/schema\\\/person\\\/d5bddfa41438b967d82dae70b6bdd099\",\"name\":\"Redaktion\",\"image\":{\"@type\":\"ImageObject\",\"inLanguage\":\"de\",\"@id\":\"https:\\\/\\\/secure.gravatar.com\\\/avatar\\\/c76a74995cbca62d1ed7bdcf90be39daa5378c6cf583356729d241c6921cc340?s=96&d=mm&r=g\",\"url\":\"https:\\\/\\\/secure.gravatar.com\\\/avatar\\\/c76a74995cbca62d1ed7bdcf90be39daa5378c6cf583356729d241c6921cc340?s=96&d=mm&r=g\",\"contentUrl\":\"https:\\\/\\\/secure.gravatar.com\\\/avatar\\\/c76a74995cbca62d1ed7bdcf90be39daa5378c6cf583356729d241c6921cc340?s=96&d=mm&r=g\",\"caption\":\"Redaktion\"},\"url\":\"https:\\\/\\\/www.tung.ch\\\/de\\\/author\\\/outwork\\\/\"}]}<\/script>\n<!-- \/ Yoast SEO plugin. -->","yoast_head_json":{"title":"Bunte Vielfalt: Nagellack Trends f\u00fcr 2023 - Tung","description":"Nagellack h\u00e4lt dieses Jahr alle Fashionistas in Atem und geht als Trendsetter durch die Decke! In der farbenspr\u00fchenden Palette ist f\u00fcr jeden","robots":{"index":"index","follow":"follow","max-snippet":"max-snippet:-1","max-image-preview":"max-image-preview:large","max-video-preview":"max-video-preview:-1"},"canonical":"https:\/\/www.tung.ch\/de\/lifestyle\/bunte-vielfalt-nagellack-trends-fuer-2023\/","og_locale":"de_DE","og_type":"article","og_title":"Bunte Vielfalt: Nagellack Trends f\u00fcr 2023 - Tung","og_description":"Nagellack h\u00e4lt dieses Jahr alle Fashionistas in Atem und geht als Trendsetter durch die Decke! In der farbenspr\u00fchenden Palette ist f\u00fcr jeden","og_url":"https:\/\/www.tung.ch\/de\/lifestyle\/bunte-vielfalt-nagellack-trends-fuer-2023\/","og_site_name":"Tung","article_publisher":"https:\/\/www.facebook.com\/tungch","article_published_time":"2023-04-13T09:55:24+00:00","og_image":[{"width":1600,"height":1067,"url":"https:\/\/www.tung.ch\/wp-content\/uploads\/2023\/04\/Nagellack-Trends-2023_02.webp","type":"image\/webp"}],"author":"Redaktion","twitter_card":"summary_large_image","twitter_misc":{"Verfasst von":"Redaktion","Gesch\u00e4tzte Lesezeit":"4\u00a0Minuten"},"schema":{"@context":"https:\/\/schema.org","@graph":[{"@type":"Article","@id":"https:\/\/www.tung.ch\/de\/lifestyle\/bunte-vielfalt-nagellack-trends-fuer-2023\/#article","isPartOf":{"@id":"https:\/\/www.tung.ch\/de\/lifestyle\/bunte-vielfalt-nagellack-trends-fuer-2023\/"},"author":{"name":"Redaktion","@id":"https:\/\/www.tung.ch\/de\/#\/schema\/person\/d5bddfa41438b967d82dae70b6bdd099"},"headline":"Bunte Vielfalt: Nagellack Trends f\u00fcr 2023","datePublished":"2023-04-13T09:55:24+00:00","mainEntityOfPage":{"@id":"https:\/\/www.tung.ch\/de\/lifestyle\/bunte-vielfalt-nagellack-trends-fuer-2023\/"},"wordCount":778,"publisher":{"@id":"https:\/\/www.tung.ch\/de\/#organization"},"image":{"@id":"https:\/\/www.tung.ch\/de\/lifestyle\/bunte-vielfalt-nagellack-trends-fuer-2023\/#primaryimage"},"thumbnailUrl":"https:\/\/www.tung.ch\/wp-content\/uploads\/2023\/04\/Nagellack-Trends-2023_02.webp","keywords":["Beauty","Lifestyle","NagellackTrends2023"],"articleSection":["Beauty Trend","Lifestyle"],"inLanguage":"de"},{"@type":"WebPage","@id":"https:\/\/www.tung.ch\/de\/lifestyle\/bunte-vielfalt-nagellack-trends-fuer-2023\/","url":"https:\/\/www.tung.ch\/de\/lifestyle\/bunte-vielfalt-nagellack-trends-fuer-2023\/","name":"Bunte Vielfalt: Nagellack Trends f\u00fcr 2023 - Tung","isPartOf":{"@id":"https:\/\/www.tung.ch\/de\/#website"},"primaryImageOfPage":{"@id":"https:\/\/www.tung.ch\/de\/lifestyle\/bunte-vielfalt-nagellack-trends-fuer-2023\/#primaryimage"},"image":{"@id":"https:\/\/www.tung.ch\/de\/lifestyle\/bunte-vielfalt-nagellack-trends-fuer-2023\/#primaryimage"},"thumbnailUrl":"https:\/\/www.tung.ch\/wp-content\/uploads\/2023\/04\/Nagellack-Trends-2023_02.webp","datePublished":"2023-04-13T09:55:24+00:00","description":"Nagellack h\u00e4lt dieses Jahr alle Fashionistas in Atem und geht als Trendsetter durch die Decke! In der farbenspr\u00fchenden Palette ist f\u00fcr jeden","breadcrumb":{"@id":"https:\/\/www.tung.ch\/de\/lifestyle\/bunte-vielfalt-nagellack-trends-fuer-2023\/#breadcrumb"},"inLanguage":"de","potentialAction":[{"@type":"ReadAction","target":["https:\/\/www.tung.ch\/de\/lifestyle\/bunte-vielfalt-nagellack-trends-fuer-2023\/"]}]},{"@type":"ImageObject","inLanguage":"de","@id":"https:\/\/www.tung.ch\/de\/lifestyle\/bunte-vielfalt-nagellack-trends-fuer-2023\/#primaryimage","url":"https:\/\/www.tung.ch\/wp-content\/uploads\/2023\/04\/Nagellack-Trends-2023_02.webp","contentUrl":"https:\/\/www.tung.ch\/wp-content\/uploads\/2023\/04\/Nagellack-Trends-2023_02.webp","width":1600,"height":1067,"caption":"Nagellack Trends 2023_02"},{"@type":"BreadcrumbList","@id":"https:\/\/www.tung.ch\/de\/lifestyle\/bunte-vielfalt-nagellack-trends-fuer-2023\/#breadcrumb","itemListElement":[{"@type":"ListItem","position":1,"name":"Startseite","item":"https:\/\/www.tung.ch\/de\/tung\/"},{"@type":"ListItem","position":2,"name":"Bunte Vielfalt: Nagellack Trends f\u00fcr 2023"}]},{"@type":"WebSite","@id":"https:\/\/www.tung.ch\/de\/#website","url":"https:\/\/www.tung.ch\/de\/","name":"Tung","description":"www.tung.ch","publisher":{"@id":"https:\/\/www.tung.ch\/de\/#organization"},"alternateName":"Aktuelle News","potentialAction":[{"@type":"SearchAction","target":{"@type":"EntryPoint","urlTemplate":"https:\/\/www.tung.ch\/de\/?s={search_term_string}"},"query-input":{"@type":"PropertyValueSpecification","valueRequired":true,"valueName":"search_term_string"}}],"inLanguage":"de"},{"@type":"Organization","@id":"https:\/\/www.tung.ch\/de\/#organization","name":"Tung","alternateName":"Aktuelle News","url":"https:\/\/www.tung.ch\/de\/","logo":{"@type":"ImageObject","inLanguage":"de","@id":"https:\/\/www.tung.ch\/de\/#\/schema\/logo\/image\/","url":"https:\/\/www.tung.ch\/wp-content\/uploads\/2023\/03\/tung-favicon.webp","contentUrl":"https:\/\/www.tung.ch\/wp-content\/uploads\/2023\/03\/tung-favicon.webp","width":300,"height":300,"caption":"Tung"},"image":{"@id":"https:\/\/www.tung.ch\/de\/#\/schema\/logo\/image\/"},"sameAs":["https:\/\/www.facebook.com\/tungch"]},{"@type":"Person","@id":"https:\/\/www.tung.ch\/de\/#\/schema\/person\/d5bddfa41438b967d82dae70b6bdd099","name":"Redaktion","image":{"@type":"ImageObject","inLanguage":"de","@id":"https:\/\/secure.gravatar.com\/avatar\/c76a74995cbca62d1ed7bdcf90be39daa5378c6cf583356729d241c6921cc340?s=96&d=mm&r=g","url":"https:\/\/secure.gravatar.com\/avatar\/c76a74995cbca62d1ed7bdcf90be39daa5378c6cf583356729d241c6921cc340?s=96&d=mm&r=g","contentUrl":"https:\/\/secure.gravatar.com\/avatar\/c76a74995cbca62d1ed7bdcf90be39daa5378c6cf583356729d241c6921cc340?s=96&d=mm&r=g","caption":"Redaktion"},"url":"https:\/\/www.tung.ch\/de\/author\/outwork\/"}]}},"_links":{"self":[{"href":"https:\/\/www.tung.ch\/de\/wp-json\/wp\/v2\/posts\/1043","targetHints":{"allow":["GET"]}}],"collection":[{"href":"https:\/\/www.tung.ch\/de\/wp-json\/wp\/v2\/posts"}],"about":[{"href":"https:\/\/www.tung.ch\/de\/wp-json\/wp\/v2\/types\/post"}],"author":[{"embeddable":true,"href":"https:\/\/www.tung.ch\/de\/wp-json\/wp\/v2\/users\/2"}],"replies":[{"embeddable":true,"href":"https:\/\/www.tung.ch\/de\/wp-json\/wp\/v2\/comments?post=1043"}],"version-history":[{"count":1,"href":"https:\/\/www.tung.ch\/de\/wp-json\/wp\/v2\/posts\/1043\/revisions"}],"predecessor-version":[{"id":1046,"href":"https:\/\/www.tung.ch\/de\/wp-json\/wp\/v2\/posts\/1043\/revisions\/1046"}],"wp:featuredmedia":[{"embeddable":true,"href":"https:\/\/www.tung.ch\/de\/wp-json\/wp\/v2\/media\/1044"}],"wp:attachment":[{"href":"https:\/\/www.tung.ch\/de\/wp-json\/wp\/v2\/media?parent=1043"}],"wp:term":[{"taxonomy":"category","embeddable":true,"href":"https:\/\/www.tung.ch\/de\/wp-json\/wp\/v2\/categories?post=1043"},{"taxonomy":"post_tag","embeddable":true,"href":"https:\/\/www.tung.ch\/de\/wp-json\/wp\/v2\/tags?post=1043"}],"curies":[{"name":"wp","href":"https:\/\/api.w.org\/{rel}","templated":true}]}}