{"id":1139,"date":"2023-04-14T16:45:52","date_gmt":"2023-04-14T14:45:52","guid":{"rendered":"https:\/\/www.tung.ch\/?p=1139"},"modified":"2023-04-14T16:46:53","modified_gmt":"2023-04-14T14:46:53","slug":"von-der-kaelte-ins-warme-bertha-und-bartholomew-trotzen-den-herausforderungen-des-winters","status":"publish","type":"post","link":"https:\/\/www.tung.ch\/de\/leben\/von-der-kaelte-ins-warme-bertha-und-bartholomew-trotzen-den-herausforderungen-des-winters\/","title":{"rendered":"Von der K\u00e4lte ins Warme: Bertha und Bartholomew trotzen den Herausforderungen des Winters"},"content":{"rendered":"<h2>Zwei Dachsbabys: Eine herzerw\u00e4rmende Geschichte der ungew\u00f6hnlichen Geschwisterliebe<\/h2>\n<p><strong>Dachse sind wahre Meister der Versteckens, die selten den Augen gew\u00f6hnlicher Passanten preisgeben. Aber derzeit beobachten Tierfreunde in Grossbritannien neugierig das Schicksal von zwei ungew\u00f6hnlichen Geschwistern &#8211; zwei Dachsbabys, die auf herzerw\u00e4rmende Weise zusammengebracht wurden. Es ist ein weiterer Beweis daf\u00fcr, dass unsere Herzen voller Liebe und Mitgef\u00fchl f\u00fcr das Wohlbefinden und Gl\u00fcck der Tiere sind.<\/strong><\/p>\n<p>Dachse sind wahre Wunder der Natur &#8211; scheue Tiere, die sich in ihrer nat\u00fcrlichen Umgebung selten zeigen. Meistens sind sie nachts unterwegs, um der Zivilisation und ihren lauten Ger\u00e4uschen zu entkommen. In ihren gut versteckten Bauten f\u00fchlen sie sich am sichersten und am wohlsten. Doch selbst der erfahrenste Waldenthusiast kann manchmal vergessen, dass diese hinreissenden Gesch\u00f6pfe \u00fcberhaupt existieren. Dabei gibt es in Deutschland rund 500.000 und in Grossbritannien etwa 400.000 Dachse! Mit ihren flauschigen Fellen und ihrer einzigartigen Erscheinung sind sie wirklich faszinierend.<\/p>\n<p>Dass sie auch das Herz erw\u00e4rmen k\u00f6nnen, zeigte sich in Grossbritannien, wo zwei kleine Waisen, die auf einer Strasse ausgesetzt worden waren, die Herzen der Menschen eroberten. Im Februar entdeckte eine Spazierg\u00e4ngerin in Norfolk beim Gassigehen mit ihrem Hund ein winziges Dachs-Baby, das auf der Strasse zu erfrieren drohte. Ohne zu z\u00f6gern, rettete sie den kleinen Schatz und w\u00e4rmte ihn unter ihrer Jacke, bevor sie ihn in eine Auffangstation brachte, wo das Findelkind in liebevoller Obhut aufwachsen konnte. Eine r\u00fchrende Geschichte, die klar zeigt, wie wichtig es ist, die Natur und ihre Bewohner zu sch\u00fctzen und zu respektieren &#8211; auch wenn sie sich manchmal verstecken.<\/p>\n<h2>Bertha das tapfere Stinktier: Eine bewegende Geschichte aus der Auffangstation<\/h2>\n<p>Der Auffangstation-Mitarbeiter Dan Bradshaw begutachtete das kleine Stinktier-Dame, das z\u00e4rtlich Bertha getauft wurde. Durch unvorhergesehene Umst\u00e4nde war sie in einem besorgniserregenden Zustand und ihre \u00dcberlebenschancen standen schlecht. Gl\u00fccklicherweise hatte ein aufmerksamer Hundehalter sie vor dem schlimmsten Schicksal gerettet. Doch warum wurde dieses arme Tier hilflos und verlassen zur\u00fcckgelassen? Diese Frage l\u00e4sst bei jedem tierliebenden Menschen Emp\u00f6rung und Fassungslosigkeit aufkommen. Es ist jedoch ermutigend zu wissen, dass es immer noch Menschen gibt, die sich unerm\u00fcdlich f\u00fcr die Rettung von Tieren einsetzen, wie auch im Falle von Bertha. Ihr Schicksal beweist, dass Engagement und Mitgef\u00fchl die Welt zu einem besseren Ort machen k\u00f6nnen.<\/p>\n<h2>Wie die Liebe der Tiersch\u00fctzer Bertha gerettet hat<\/h2>\n<p>Die Tiersch\u00fctzer haben erneut bewiesen, dass sie auf die Bed\u00fcrfnisse und das Wohlbefinden der Tiere achten. Es dauerte nur wenige Wochen, nachdem Bertha in der Auffangstation ankam, bevor sie die erfreuliche Nachricht bekam, dass ihr ein j\u00fcngerer Dachsfreund zugewiesen wurde. Berthas Pfleger z\u00f6gerten nicht lange und schlugen vor, die beiden gemeinsam aufwachsen zu lassen. Der kleine Dachs wurde Bartholomew genannt und seitdem ist er Berthas konstante Begleitung. Evangelos Achilleos, der Leiter des Zentrums, ist stolz darauf, zu berichten, dass unser Dachsm\u00e4dchen jetzt einen Adoptivbruder hat. Die beiden sind unzertrennlich und spielen gemeinsam, auch beim Trinken aus dem Fl\u00e4schchen sind sie gleich begeistert. Der geringe Altersunterschied zwischen ihnen ist bedeutungslos, da sie auf ewig verbunden sind. Dies zeigt, dass die Aufmerksamkeit und F\u00fcrsorge, die die Tiersch\u00fctzer den Tieren widmen, eine lohnende und unverzichtbare Aufgabe ist.<\/p>\n<h2>Die unerwartete Zierlichkeit: Bertha und Bartholomew &#8211; zwei aufstrebende Dachsen<\/h2>\n<p>Achilleos stolz verk\u00fcndete, dass Bertha und Bartholomew, trotz ihrer Zierlichkeit, bereits lautstark auf sich aufmerksam machen und hervorragend fressen. Der Pfleger hoffte inst\u00e4ndig, dass die beiden schnell zu kr\u00e4ftigen Dachsen heranwachsen w\u00fcrden. Obschon es noch verfr\u00fcht sei, um Entwarnung zu geben, zeigen sich die Betreuer zuversichtlich, dass die kleinen Sch\u00fctzlinge hervorragend gedeihen werden. Um deren optimales Wachstum zu gew\u00e4hrleisten, mixen die Pfleger gerade Milchpulver und stellen die Fl\u00e4schchen damit her. In der Wildnis bleibt der Wurf lange bei der Mutter, weshalb der Tierschutz noch einige Monate lang auf die beiden aufpassen wird. Bertha und Bartholomew strahlen nach aussen hin Gl\u00fcck und Zufriedenheit aus und zeigen, dass sie ihre Tiersch\u00fctzer dankbar annehmen.<\/p>\n","protected":false},"excerpt":{"rendered":"<p>Zwei Dachsbabys: Eine herzerw\u00e4rmende Geschichte der ungew\u00f6hnlichen Geschwisterliebe Dachse sind wahre Meister der Versteckens, die selten den Augen gew\u00f6hnlicher Passanten preisgeben. Aber derzeit beobachten Tierfreunde in Grossbritannien neugierig das Schicksal von zwei ungew\u00f6hnlichen Geschwistern &#8211; zwei Dachsbabys, die auf herzerw\u00e4rmende Weise zusammengebracht wurden. Es ist ein weiterer Beweis daf\u00fcr, dass unsere Herzen voller Liebe und [&hellip;]<\/p>\n","protected":false},"author":2,"featured_media":1141,"comment_status":"closed","ping_status":"closed","sticky":false,"template":"","format":"standard","meta":{"inline_featured_image":false,"footnotes":""},"categories":[185,30],"tags":[91,208],"class_list":{"0":"post-1139","1":"post","2":"type-post","3":"status-publish","4":"format-standard","5":"has-post-thumbnail","7":"category-familie","8":"category-leben","9":"tag-familie","10":"tag-leben"},"yoast_head":"<!-- This site is optimized with the Yoast SEO plugin v27.5 - https:\/\/yoast.com\/product\/yoast-seo-wordpress\/ -->\n<title>Von der K\u00e4lte ins Warme: Bertha und Bartholomew trotzen den Herausforderungen des Winters - Tung<\/title>\n<meta name=\"description\" content=\"Dachse sind wahre Meister der Versteckens, die selten den Augen gew\u00f6hnlicher Passanten preisgeben. Aber derzeit beobachten\" \/>\n<meta name=\"robots\" content=\"index, follow, max-snippet:-1, max-image-preview:large, max-video-preview:-1\" \/>\n<link rel=\"canonical\" href=\"https:\/\/www.tung.ch\/de\/leben\/von-der-kaelte-ins-warme-bertha-und-bartholomew-trotzen-den-herausforderungen-des-winters\/\" \/>\n<meta property=\"og:locale\" content=\"de_DE\" \/>\n<meta property=\"og:type\" content=\"article\" \/>\n<meta property=\"og:title\" content=\"Von der K\u00e4lte ins Warme: Bertha und Bartholomew trotzen den Herausforderungen des Winters - Tung\" \/>\n<meta property=\"og:description\" content=\"Dachse sind wahre Meister der Versteckens, die selten den Augen gew\u00f6hnlicher Passanten preisgeben. Aber derzeit beobachten\" \/>\n<meta property=\"og:url\" content=\"https:\/\/www.tung.ch\/de\/leben\/von-der-kaelte-ins-warme-bertha-und-bartholomew-trotzen-den-herausforderungen-des-winters\/\" \/>\n<meta property=\"og:site_name\" content=\"Tung\" \/>\n<meta property=\"article:publisher\" content=\"https:\/\/www.facebook.com\/tungch\" \/>\n<meta property=\"article:published_time\" content=\"2023-04-14T14:45:52+00:00\" \/>\n<meta property=\"article:modified_time\" content=\"2023-04-14T14:46:53+00:00\" \/>\n<meta property=\"og:image\" content=\"https:\/\/www.tung.ch\/wp-content\/uploads\/2023\/04\/Bertha-und-Bartholomew_02.webp\" \/>\n\t<meta property=\"og:image:width\" content=\"1600\" \/>\n\t<meta property=\"og:image:height\" content=\"1067\" \/>\n\t<meta property=\"og:image:type\" content=\"image\/webp\" \/>\n<meta name=\"author\" content=\"Redaktion\" \/>\n<meta name=\"twitter:card\" content=\"summary_large_image\" \/>\n<meta name=\"twitter:label1\" content=\"Verfasst von\" \/>\n\t<meta name=\"twitter:data1\" content=\"Redaktion\" \/>\n\t<meta name=\"twitter:label2\" content=\"Gesch\u00e4tzte Lesezeit\" \/>\n\t<meta name=\"twitter:data2\" content=\"3\u00a0Minuten\" \/>\n<script type=\"application\/ld+json\" class=\"yoast-schema-graph\">{\"@context\":\"https:\\\/\\\/schema.org\",\"@graph\":[{\"@type\":\"Article\",\"@id\":\"https:\\\/\\\/www.tung.ch\\\/de\\\/leben\\\/von-der-kaelte-ins-warme-bertha-und-bartholomew-trotzen-den-herausforderungen-des-winters\\\/#article\",\"isPartOf\":{\"@id\":\"https:\\\/\\\/www.tung.ch\\\/de\\\/leben\\\/von-der-kaelte-ins-warme-bertha-und-bartholomew-trotzen-den-herausforderungen-des-winters\\\/\"},\"author\":{\"name\":\"Redaktion\",\"@id\":\"https:\\\/\\\/www.tung.ch\\\/de\\\/#\\\/schema\\\/person\\\/d5bddfa41438b967d82dae70b6bdd099\"},\"headline\":\"Von der K\u00e4lte ins Warme: Bertha und Bartholomew trotzen den Herausforderungen des Winters\",\"datePublished\":\"2023-04-14T14:45:52+00:00\",\"dateModified\":\"2023-04-14T14:46:53+00:00\",\"mainEntityOfPage\":{\"@id\":\"https:\\\/\\\/www.tung.ch\\\/de\\\/leben\\\/von-der-kaelte-ins-warme-bertha-und-bartholomew-trotzen-den-herausforderungen-des-winters\\\/\"},\"wordCount\":687,\"publisher\":{\"@id\":\"https:\\\/\\\/www.tung.ch\\\/de\\\/#organization\"},\"image\":{\"@id\":\"https:\\\/\\\/www.tung.ch\\\/de\\\/leben\\\/von-der-kaelte-ins-warme-bertha-und-bartholomew-trotzen-den-herausforderungen-des-winters\\\/#primaryimage\"},\"thumbnailUrl\":\"https:\\\/\\\/www.tung.ch\\\/wp-content\\\/uploads\\\/2023\\\/04\\\/Bertha-und-Bartholomew_02.webp\",\"keywords\":[\"Familie\",\"Leben\"],\"articleSection\":[\"Familie\",\"Leben\"],\"inLanguage\":\"de\"},{\"@type\":\"WebPage\",\"@id\":\"https:\\\/\\\/www.tung.ch\\\/de\\\/leben\\\/von-der-kaelte-ins-warme-bertha-und-bartholomew-trotzen-den-herausforderungen-des-winters\\\/\",\"url\":\"https:\\\/\\\/www.tung.ch\\\/de\\\/leben\\\/von-der-kaelte-ins-warme-bertha-und-bartholomew-trotzen-den-herausforderungen-des-winters\\\/\",\"name\":\"Von der K\u00e4lte ins Warme: Bertha und Bartholomew trotzen den Herausforderungen des Winters - Tung\",\"isPartOf\":{\"@id\":\"https:\\\/\\\/www.tung.ch\\\/de\\\/#website\"},\"primaryImageOfPage\":{\"@id\":\"https:\\\/\\\/www.tung.ch\\\/de\\\/leben\\\/von-der-kaelte-ins-warme-bertha-und-bartholomew-trotzen-den-herausforderungen-des-winters\\\/#primaryimage\"},\"image\":{\"@id\":\"https:\\\/\\\/www.tung.ch\\\/de\\\/leben\\\/von-der-kaelte-ins-warme-bertha-und-bartholomew-trotzen-den-herausforderungen-des-winters\\\/#primaryimage\"},\"thumbnailUrl\":\"https:\\\/\\\/www.tung.ch\\\/wp-content\\\/uploads\\\/2023\\\/04\\\/Bertha-und-Bartholomew_02.webp\",\"datePublished\":\"2023-04-14T14:45:52+00:00\",\"dateModified\":\"2023-04-14T14:46:53+00:00\",\"description\":\"Dachse sind wahre Meister der Versteckens, die selten den Augen gew\u00f6hnlicher Passanten preisgeben. Aber derzeit beobachten\",\"breadcrumb\":{\"@id\":\"https:\\\/\\\/www.tung.ch\\\/de\\\/leben\\\/von-der-kaelte-ins-warme-bertha-und-bartholomew-trotzen-den-herausforderungen-des-winters\\\/#breadcrumb\"},\"inLanguage\":\"de\",\"potentialAction\":[{\"@type\":\"ReadAction\",\"target\":[\"https:\\\/\\\/www.tung.ch\\\/de\\\/leben\\\/von-der-kaelte-ins-warme-bertha-und-bartholomew-trotzen-den-herausforderungen-des-winters\\\/\"]}]},{\"@type\":\"ImageObject\",\"inLanguage\":\"de\",\"@id\":\"https:\\\/\\\/www.tung.ch\\\/de\\\/leben\\\/von-der-kaelte-ins-warme-bertha-und-bartholomew-trotzen-den-herausforderungen-des-winters\\\/#primaryimage\",\"url\":\"https:\\\/\\\/www.tung.ch\\\/wp-content\\\/uploads\\\/2023\\\/04\\\/Bertha-und-Bartholomew_02.webp\",\"contentUrl\":\"https:\\\/\\\/www.tung.ch\\\/wp-content\\\/uploads\\\/2023\\\/04\\\/Bertha-und-Bartholomew_02.webp\",\"width\":1600,\"height\":1067,\"caption\":\"Bertha und Bartholomew_02\"},{\"@type\":\"BreadcrumbList\",\"@id\":\"https:\\\/\\\/www.tung.ch\\\/de\\\/leben\\\/von-der-kaelte-ins-warme-bertha-und-bartholomew-trotzen-den-herausforderungen-des-winters\\\/#breadcrumb\",\"itemListElement\":[{\"@type\":\"ListItem\",\"position\":1,\"name\":\"Startseite\",\"item\":\"https:\\\/\\\/www.tung.ch\\\/de\\\/tung\\\/\"},{\"@type\":\"ListItem\",\"position\":2,\"name\":\"Von der K\u00e4lte ins Warme: Bertha und Bartholomew trotzen den Herausforderungen des Winters\"}]},{\"@type\":\"WebSite\",\"@id\":\"https:\\\/\\\/www.tung.ch\\\/de\\\/#website\",\"url\":\"https:\\\/\\\/www.tung.ch\\\/de\\\/\",\"name\":\"Tung\",\"description\":\"www.tung.ch\",\"publisher\":{\"@id\":\"https:\\\/\\\/www.tung.ch\\\/de\\\/#organization\"},\"alternateName\":\"Aktuelle News\",\"potentialAction\":[{\"@type\":\"SearchAction\",\"target\":{\"@type\":\"EntryPoint\",\"urlTemplate\":\"https:\\\/\\\/www.tung.ch\\\/de\\\/?s={search_term_string}\"},\"query-input\":{\"@type\":\"PropertyValueSpecification\",\"valueRequired\":true,\"valueName\":\"search_term_string\"}}],\"inLanguage\":\"de\"},{\"@type\":\"Organization\",\"@id\":\"https:\\\/\\\/www.tung.ch\\\/de\\\/#organization\",\"name\":\"Tung\",\"alternateName\":\"Aktuelle News\",\"url\":\"https:\\\/\\\/www.tung.ch\\\/de\\\/\",\"logo\":{\"@type\":\"ImageObject\",\"inLanguage\":\"de\",\"@id\":\"https:\\\/\\\/www.tung.ch\\\/de\\\/#\\\/schema\\\/logo\\\/image\\\/\",\"url\":\"https:\\\/\\\/www.tung.ch\\\/wp-content\\\/uploads\\\/2023\\\/03\\\/tung-favicon.webp\",\"contentUrl\":\"https:\\\/\\\/www.tung.ch\\\/wp-content\\\/uploads\\\/2023\\\/03\\\/tung-favicon.webp\",\"width\":300,\"height\":300,\"caption\":\"Tung\"},\"image\":{\"@id\":\"https:\\\/\\\/www.tung.ch\\\/de\\\/#\\\/schema\\\/logo\\\/image\\\/\"},\"sameAs\":[\"https:\\\/\\\/www.facebook.com\\\/tungch\"]},{\"@type\":\"Person\",\"@id\":\"https:\\\/\\\/www.tung.ch\\\/de\\\/#\\\/schema\\\/person\\\/d5bddfa41438b967d82dae70b6bdd099\",\"name\":\"Redaktion\",\"image\":{\"@type\":\"ImageObject\",\"inLanguage\":\"de\",\"@id\":\"https:\\\/\\\/secure.gravatar.com\\\/avatar\\\/c76a74995cbca62d1ed7bdcf90be39daa5378c6cf583356729d241c6921cc340?s=96&d=mm&r=g\",\"url\":\"https:\\\/\\\/secure.gravatar.com\\\/avatar\\\/c76a74995cbca62d1ed7bdcf90be39daa5378c6cf583356729d241c6921cc340?s=96&d=mm&r=g\",\"contentUrl\":\"https:\\\/\\\/secure.gravatar.com\\\/avatar\\\/c76a74995cbca62d1ed7bdcf90be39daa5378c6cf583356729d241c6921cc340?s=96&d=mm&r=g\",\"caption\":\"Redaktion\"},\"url\":\"https:\\\/\\\/www.tung.ch\\\/de\\\/author\\\/outwork\\\/\"}]}<\/script>\n<!-- \/ Yoast SEO plugin. -->","yoast_head_json":{"title":"Von der K\u00e4lte ins Warme: Bertha und Bartholomew trotzen den Herausforderungen des Winters - Tung","description":"Dachse sind wahre Meister der Versteckens, die selten den Augen gew\u00f6hnlicher Passanten preisgeben. Aber derzeit beobachten","robots":{"index":"index","follow":"follow","max-snippet":"max-snippet:-1","max-image-preview":"max-image-preview:large","max-video-preview":"max-video-preview:-1"},"canonical":"https:\/\/www.tung.ch\/de\/leben\/von-der-kaelte-ins-warme-bertha-und-bartholomew-trotzen-den-herausforderungen-des-winters\/","og_locale":"de_DE","og_type":"article","og_title":"Von der K\u00e4lte ins Warme: Bertha und Bartholomew trotzen den Herausforderungen des Winters - Tung","og_description":"Dachse sind wahre Meister der Versteckens, die selten den Augen gew\u00f6hnlicher Passanten preisgeben. Aber derzeit beobachten","og_url":"https:\/\/www.tung.ch\/de\/leben\/von-der-kaelte-ins-warme-bertha-und-bartholomew-trotzen-den-herausforderungen-des-winters\/","og_site_name":"Tung","article_publisher":"https:\/\/www.facebook.com\/tungch","article_published_time":"2023-04-14T14:45:52+00:00","article_modified_time":"2023-04-14T14:46:53+00:00","og_image":[{"width":1600,"height":1067,"url":"https:\/\/www.tung.ch\/wp-content\/uploads\/2023\/04\/Bertha-und-Bartholomew_02.webp","type":"image\/webp"}],"author":"Redaktion","twitter_card":"summary_large_image","twitter_misc":{"Verfasst von":"Redaktion","Gesch\u00e4tzte Lesezeit":"3\u00a0Minuten"},"schema":{"@context":"https:\/\/schema.org","@graph":[{"@type":"Article","@id":"https:\/\/www.tung.ch\/de\/leben\/von-der-kaelte-ins-warme-bertha-und-bartholomew-trotzen-den-herausforderungen-des-winters\/#article","isPartOf":{"@id":"https:\/\/www.tung.ch\/de\/leben\/von-der-kaelte-ins-warme-bertha-und-bartholomew-trotzen-den-herausforderungen-des-winters\/"},"author":{"name":"Redaktion","@id":"https:\/\/www.tung.ch\/de\/#\/schema\/person\/d5bddfa41438b967d82dae70b6bdd099"},"headline":"Von der K\u00e4lte ins Warme: Bertha und Bartholomew trotzen den Herausforderungen des Winters","datePublished":"2023-04-14T14:45:52+00:00","dateModified":"2023-04-14T14:46:53+00:00","mainEntityOfPage":{"@id":"https:\/\/www.tung.ch\/de\/leben\/von-der-kaelte-ins-warme-bertha-und-bartholomew-trotzen-den-herausforderungen-des-winters\/"},"wordCount":687,"publisher":{"@id":"https:\/\/www.tung.ch\/de\/#organization"},"image":{"@id":"https:\/\/www.tung.ch\/de\/leben\/von-der-kaelte-ins-warme-bertha-und-bartholomew-trotzen-den-herausforderungen-des-winters\/#primaryimage"},"thumbnailUrl":"https:\/\/www.tung.ch\/wp-content\/uploads\/2023\/04\/Bertha-und-Bartholomew_02.webp","keywords":["Familie","Leben"],"articleSection":["Familie","Leben"],"inLanguage":"de"},{"@type":"WebPage","@id":"https:\/\/www.tung.ch\/de\/leben\/von-der-kaelte-ins-warme-bertha-und-bartholomew-trotzen-den-herausforderungen-des-winters\/","url":"https:\/\/www.tung.ch\/de\/leben\/von-der-kaelte-ins-warme-bertha-und-bartholomew-trotzen-den-herausforderungen-des-winters\/","name":"Von der K\u00e4lte ins Warme: Bertha und Bartholomew trotzen den Herausforderungen des Winters - Tung","isPartOf":{"@id":"https:\/\/www.tung.ch\/de\/#website"},"primaryImageOfPage":{"@id":"https:\/\/www.tung.ch\/de\/leben\/von-der-kaelte-ins-warme-bertha-und-bartholomew-trotzen-den-herausforderungen-des-winters\/#primaryimage"},"image":{"@id":"https:\/\/www.tung.ch\/de\/leben\/von-der-kaelte-ins-warme-bertha-und-bartholomew-trotzen-den-herausforderungen-des-winters\/#primaryimage"},"thumbnailUrl":"https:\/\/www.tung.ch\/wp-content\/uploads\/2023\/04\/Bertha-und-Bartholomew_02.webp","datePublished":"2023-04-14T14:45:52+00:00","dateModified":"2023-04-14T14:46:53+00:00","description":"Dachse sind wahre Meister der Versteckens, die selten den Augen gew\u00f6hnlicher Passanten preisgeben. Aber derzeit beobachten","breadcrumb":{"@id":"https:\/\/www.tung.ch\/de\/leben\/von-der-kaelte-ins-warme-bertha-und-bartholomew-trotzen-den-herausforderungen-des-winters\/#breadcrumb"},"inLanguage":"de","potentialAction":[{"@type":"ReadAction","target":["https:\/\/www.tung.ch\/de\/leben\/von-der-kaelte-ins-warme-bertha-und-bartholomew-trotzen-den-herausforderungen-des-winters\/"]}]},{"@type":"ImageObject","inLanguage":"de","@id":"https:\/\/www.tung.ch\/de\/leben\/von-der-kaelte-ins-warme-bertha-und-bartholomew-trotzen-den-herausforderungen-des-winters\/#primaryimage","url":"https:\/\/www.tung.ch\/wp-content\/uploads\/2023\/04\/Bertha-und-Bartholomew_02.webp","contentUrl":"https:\/\/www.tung.ch\/wp-content\/uploads\/2023\/04\/Bertha-und-Bartholomew_02.webp","width":1600,"height":1067,"caption":"Bertha und Bartholomew_02"},{"@type":"BreadcrumbList","@id":"https:\/\/www.tung.ch\/de\/leben\/von-der-kaelte-ins-warme-bertha-und-bartholomew-trotzen-den-herausforderungen-des-winters\/#breadcrumb","itemListElement":[{"@type":"ListItem","position":1,"name":"Startseite","item":"https:\/\/www.tung.ch\/de\/tung\/"},{"@type":"ListItem","position":2,"name":"Von der K\u00e4lte ins Warme: Bertha und Bartholomew trotzen den Herausforderungen des Winters"}]},{"@type":"WebSite","@id":"https:\/\/www.tung.ch\/de\/#website","url":"https:\/\/www.tung.ch\/de\/","name":"Tung","description":"www.tung.ch","publisher":{"@id":"https:\/\/www.tung.ch\/de\/#organization"},"alternateName":"Aktuelle News","potentialAction":[{"@type":"SearchAction","target":{"@type":"EntryPoint","urlTemplate":"https:\/\/www.tung.ch\/de\/?s={search_term_string}"},"query-input":{"@type":"PropertyValueSpecification","valueRequired":true,"valueName":"search_term_string"}}],"inLanguage":"de"},{"@type":"Organization","@id":"https:\/\/www.tung.ch\/de\/#organization","name":"Tung","alternateName":"Aktuelle News","url":"https:\/\/www.tung.ch\/de\/","logo":{"@type":"ImageObject","inLanguage":"de","@id":"https:\/\/www.tung.ch\/de\/#\/schema\/logo\/image\/","url":"https:\/\/www.tung.ch\/wp-content\/uploads\/2023\/03\/tung-favicon.webp","contentUrl":"https:\/\/www.tung.ch\/wp-content\/uploads\/2023\/03\/tung-favicon.webp","width":300,"height":300,"caption":"Tung"},"image":{"@id":"https:\/\/www.tung.ch\/de\/#\/schema\/logo\/image\/"},"sameAs":["https:\/\/www.facebook.com\/tungch"]},{"@type":"Person","@id":"https:\/\/www.tung.ch\/de\/#\/schema\/person\/d5bddfa41438b967d82dae70b6bdd099","name":"Redaktion","image":{"@type":"ImageObject","inLanguage":"de","@id":"https:\/\/secure.gravatar.com\/avatar\/c76a74995cbca62d1ed7bdcf90be39daa5378c6cf583356729d241c6921cc340?s=96&d=mm&r=g","url":"https:\/\/secure.gravatar.com\/avatar\/c76a74995cbca62d1ed7bdcf90be39daa5378c6cf583356729d241c6921cc340?s=96&d=mm&r=g","contentUrl":"https:\/\/secure.gravatar.com\/avatar\/c76a74995cbca62d1ed7bdcf90be39daa5378c6cf583356729d241c6921cc340?s=96&d=mm&r=g","caption":"Redaktion"},"url":"https:\/\/www.tung.ch\/de\/author\/outwork\/"}]}},"_links":{"self":[{"href":"https:\/\/www.tung.ch\/de\/wp-json\/wp\/v2\/posts\/1139","targetHints":{"allow":["GET"]}}],"collection":[{"href":"https:\/\/www.tung.ch\/de\/wp-json\/wp\/v2\/posts"}],"about":[{"href":"https:\/\/www.tung.ch\/de\/wp-json\/wp\/v2\/types\/post"}],"author":[{"embeddable":true,"href":"https:\/\/www.tung.ch\/de\/wp-json\/wp\/v2\/users\/2"}],"replies":[{"embeddable":true,"href":"https:\/\/www.tung.ch\/de\/wp-json\/wp\/v2\/comments?post=1139"}],"version-history":[{"count":1,"href":"https:\/\/www.tung.ch\/de\/wp-json\/wp\/v2\/posts\/1139\/revisions"}],"predecessor-version":[{"id":1143,"href":"https:\/\/www.tung.ch\/de\/wp-json\/wp\/v2\/posts\/1139\/revisions\/1143"}],"wp:featuredmedia":[{"embeddable":true,"href":"https:\/\/www.tung.ch\/de\/wp-json\/wp\/v2\/media\/1141"}],"wp:attachment":[{"href":"https:\/\/www.tung.ch\/de\/wp-json\/wp\/v2\/media?parent=1139"}],"wp:term":[{"taxonomy":"category","embeddable":true,"href":"https:\/\/www.tung.ch\/de\/wp-json\/wp\/v2\/categories?post=1139"},{"taxonomy":"post_tag","embeddable":true,"href":"https:\/\/www.tung.ch\/de\/wp-json\/wp\/v2\/tags?post=1139"}],"curies":[{"name":"wp","href":"https:\/\/api.w.org\/{rel}","templated":true}]}}