{"id":1466,"date":"2023-04-27T13:15:21","date_gmt":"2023-04-27T11:15:21","guid":{"rendered":"https:\/\/www.tung.ch\/?p=1466"},"modified":"2023-04-27T13:15:21","modified_gmt":"2023-04-27T11:15:21","slug":"auch-maenner-haben-einen-kinderwunsch","status":"publish","type":"post","link":"https:\/\/www.tung.ch\/de\/leben\/auch-maenner-haben-einen-kinderwunsch\/","title":{"rendered":"Auch M\u00e4nner haben einen Kinderwunsch"},"content":{"rendered":"<h2>Der untersch\u00e4tzte Kinderwunsch des Mannes<\/h2>\n<p><strong>M\u00e4nner hegen durchaus den Wunsch, Nachwuchs in ihre Leben zu integrieren \u2013 jedoch auf ihre eigene, differenzierte Weise. Wir fragen uns folglich, welche Gr\u00fcnde in ihnen schlummern, um gemeinsam mit ihrer Partnerin den Entschluss zur Familiengr\u00fcndung zu fassen.<\/strong><\/p>\n<h2>Die Wahrheit \u00fcber den Kinderwunsch bei M\u00e4nnern<\/h2>\n<p>Mythen und Irrglauben umgeben das Thema m\u00e4nnlicher Kinderwunsch. Doch es ist h\u00f6chste Zeit, diese Vorurteile zu entkr\u00e4ften. Denn entgegen der weitverbreiteten Auffassung \u00fcbernehmen M\u00e4nner den Kinderwunsch nicht nur aus der Motivation ihrer Partner. Im Gegenteil, der Wunsch nach einem eigenen Kind ist bei ihnen genauso stark wie bei Frauen, wenn auch auf eine ganz eigene Weise.<\/p>\n<p>M\u00e4nner n\u00e4hern sich dem Thema Kinderwunsch anders als Frauen, doch das bedeutet nicht, dass sie weniger emotional involviert sind. F\u00fcr viele ist die Fortpflanzung ein wichtiger Lebenssinn, bei dem sie ihren Samen weitervererben k\u00f6nnen. Doch hinter diesem biologischem Antrieb steckt noch viel mehr. Der m\u00e4nnliche Kinderwunsch ist auch von rationalen \u00dcberlegungen und romantischer Sehnsucht gepr\u00e4gt.<\/p>\n<p><img loading=\"lazy\" decoding=\"async\" class=\"alignnone size-full wp-image-1467\" src=\"https:\/\/www.tung.ch\/wp-content\/uploads\/2023\/04\/einen-Kinderwunsch.webp\" alt=\"einen Kinderwunsch\" width=\"1600\" height=\"1067\" srcset=\"https:\/\/www.tung.ch\/wp-content\/uploads\/2023\/04\/einen-Kinderwunsch.webp 1600w, https:\/\/www.tung.ch\/wp-content\/uploads\/2023\/04\/einen-Kinderwunsch-600x400.webp 600w, https:\/\/www.tung.ch\/wp-content\/uploads\/2023\/04\/einen-Kinderwunsch-1200x800.webp 1200w, https:\/\/www.tung.ch\/wp-content\/uploads\/2023\/04\/einen-Kinderwunsch-768x512.webp 768w, https:\/\/www.tung.ch\/wp-content\/uploads\/2023\/04\/einen-Kinderwunsch-1536x1024.webp 1536w, https:\/\/www.tung.ch\/wp-content\/uploads\/2023\/04\/einen-Kinderwunsch-150x100.webp 150w, https:\/\/www.tung.ch\/wp-content\/uploads\/2023\/04\/einen-Kinderwunsch-300x200.webp 300w, https:\/\/www.tung.ch\/wp-content\/uploads\/2023\/04\/einen-Kinderwunsch-696x464.webp 696w, https:\/\/www.tung.ch\/wp-content\/uploads\/2023\/04\/einen-Kinderwunsch-1068x712.webp 1068w\" sizes=\"auto, (max-width: 1600px) 100vw, 1600px\" \/><\/p>\n<p>Eine Untersuchung von Dr. Diana Baumgartner zeigt, dass m\u00e4nnlicher Kinderwunsch von verschiedenen Faktoren abh\u00e4ngt. Hier spielen die eigenen Erfahrungen aus Kindheit und Familie, die pers\u00f6nliche sozio\u00f6konomische Lage und die aktuelle Lebenssituation eine entscheidende Rolle. Ein stabiles Familienfundament und berufliche Stabilit\u00e4t sind dabei essentiell.<\/p>\n<p>Zweifellos ist es falsch, Annahmen wie jene zu Akzeptieren, dass M\u00e4nner den Kinderwunsch nur aus Folge der Wunsche ihrer Partner \u00fcbernehmen. Die Natur hat das Bed\u00fcrfnis des Mannes nach Fortpflanzung geschickt verpackt, in der Erwartung nach einem Kind romantisch und rational. Es ist an der Zeit, diese unrichtigen Vorstellungen zu verwerfen und die m\u00e4nnliche Sichtweise auf Familienplanung neu zu betrachten.<\/p>\n<h2>Baby-Planung: Warum M\u00e4nner auch mit 50 noch V\u00e4ter werden k\u00f6nnen<\/h2>\n<p>M\u00e4nnern verschafft ihre biologische Uhr einen klaren Vorteil im Bereich Familienplanung. Im Gegensatz zu Frauen bleibt ihre Zeugungsf\u00e4higkeit bis ins hohe Alter erhalten und verschafft ihnen somit mehr Zeit und Flexibilit\u00e4t bei der Familienplanung.<\/p>\n<p><img loading=\"lazy\" decoding=\"async\" class=\"alignnone size-full wp-image-1471\" src=\"https:\/\/www.tung.ch\/wp-content\/uploads\/2023\/04\/einen-Kinderwunsch_02.webp\" alt=\"einen Kinderwunsch_02\" width=\"1600\" height=\"803\" srcset=\"https:\/\/www.tung.ch\/wp-content\/uploads\/2023\/04\/einen-Kinderwunsch_02.webp 1600w, https:\/\/www.tung.ch\/wp-content\/uploads\/2023\/04\/einen-Kinderwunsch_02-600x301.webp 600w, https:\/\/www.tung.ch\/wp-content\/uploads\/2023\/04\/einen-Kinderwunsch_02-1200x602.webp 1200w, https:\/\/www.tung.ch\/wp-content\/uploads\/2023\/04\/einen-Kinderwunsch_02-768x385.webp 768w, https:\/\/www.tung.ch\/wp-content\/uploads\/2023\/04\/einen-Kinderwunsch_02-1536x771.webp 1536w, https:\/\/www.tung.ch\/wp-content\/uploads\/2023\/04\/einen-Kinderwunsch_02-150x75.webp 150w, https:\/\/www.tung.ch\/wp-content\/uploads\/2023\/04\/einen-Kinderwunsch_02-300x151.webp 300w, https:\/\/www.tung.ch\/wp-content\/uploads\/2023\/04\/einen-Kinderwunsch_02-696x349.webp 696w, https:\/\/www.tung.ch\/wp-content\/uploads\/2023\/04\/einen-Kinderwunsch_02-1068x536.webp 1068w\" sizes=\"auto, (max-width: 1600px) 100vw, 1600px\" \/><\/p>\n<p>Eine aktuelle Studie der Bundeszentrale f\u00fcr gesundheitliche Aufkl\u00e4rung hat ergeben, dass M\u00e4nner oft Sp\u00e4tz\u00fcnder sind, wenn es um den Kinderwunsch geht. Dabei sind 60 Prozent der 25- bis 34-J\u00e4hrigen gr\u00f6\u00dftenteils kinderlos, w\u00e4hrend sich die Zahlen bei \u00e4lteren Altersgruppen erheblich reduzieren. Dies liegt jedoch nicht an mangelndem Interesse, sondern daran, dass junge M\u00e4nner erst die notwendigen Voraussetzungen schaffen m\u00f6chten, um eine Familie gr\u00fcnden zu k\u00f6nnen, wie eine stabile Partnerschaft, Heirat und eine feste berufliche Grundlage.<\/p>\n<p>Insgesamt l\u00e4sst sich festhalten, dass die Herren der Sch\u00f6pfung aufgrund ihrer biologischen Gegebenheiten in Sachen Familienplanung eine gewisse Flexibilit\u00e4t genie\u00dfen. Allerdings sollten sie dennoch nicht zu lange warten, um den Kinderwunsch in die Tat umzusetzen, denn auch ihre Zeugungsf\u00e4higkeit nimmt im Laufe der Zeit ab.<\/p>\n","protected":false},"excerpt":{"rendered":"<p>Der untersch\u00e4tzte Kinderwunsch des Mannes M\u00e4nner hegen durchaus den Wunsch, Nachwuchs in ihre Leben zu integrieren \u2013 jedoch auf ihre eigene, differenzierte Weise. Wir fragen uns folglich, welche Gr\u00fcnde in ihnen schlummern, um gemeinsam mit ihrer Partnerin den Entschluss zur Familiengr\u00fcndung zu fassen. Die Wahrheit \u00fcber den Kinderwunsch bei M\u00e4nnern Mythen und Irrglauben umgeben das [&hellip;]<\/p>\n","protected":false},"author":2,"featured_media":1469,"comment_status":"closed","ping_status":"closed","sticky":false,"template":"","format":"standard","meta":{"inline_featured_image":false,"footnotes":""},"categories":[185,30],"tags":[91,842,208],"class_list":{"0":"post-1466","1":"post","2":"type-post","3":"status-publish","4":"format-standard","5":"has-post-thumbnail","7":"category-familie","8":"category-leben","9":"tag-familie","10":"tag-kinderwunsch","11":"tag-leben"},"yoast_head":"<!-- This site is optimized with the Yoast SEO plugin v27.5 - https:\/\/yoast.com\/product\/yoast-seo-wordpress\/ -->\n<title>Auch M\u00e4nner haben einen Kinderwunsch - Tung<\/title>\n<meta name=\"description\" content=\"M\u00e4nner hegen durchaus den Wunsch, Nachwuchs in ihre Leben zu integrieren \u2013 jedoch auf ihre eigene, differenzierte Weise.\" \/>\n<meta name=\"robots\" content=\"index, follow, max-snippet:-1, max-image-preview:large, max-video-preview:-1\" \/>\n<link rel=\"canonical\" href=\"https:\/\/www.tung.ch\/de\/leben\/auch-maenner-haben-einen-kinderwunsch\/\" \/>\n<meta property=\"og:locale\" content=\"de_DE\" \/>\n<meta property=\"og:type\" content=\"article\" \/>\n<meta property=\"og:title\" content=\"Auch M\u00e4nner haben einen Kinderwunsch - Tung\" \/>\n<meta property=\"og:description\" content=\"M\u00e4nner hegen durchaus den Wunsch, Nachwuchs in ihre Leben zu integrieren \u2013 jedoch auf ihre eigene, differenzierte Weise.\" \/>\n<meta property=\"og:url\" content=\"https:\/\/www.tung.ch\/de\/leben\/auch-maenner-haben-einen-kinderwunsch\/\" \/>\n<meta property=\"og:site_name\" content=\"Tung\" \/>\n<meta property=\"article:publisher\" content=\"https:\/\/www.facebook.com\/tungch\" \/>\n<meta property=\"article:published_time\" content=\"2023-04-27T11:15:21+00:00\" \/>\n<meta property=\"og:image\" content=\"https:\/\/www.tung.ch\/wp-content\/uploads\/2023\/04\/einen-Kinderwunsch_01.webp\" \/>\n\t<meta property=\"og:image:width\" content=\"1600\" \/>\n\t<meta property=\"og:image:height\" content=\"861\" \/>\n\t<meta property=\"og:image:type\" content=\"image\/webp\" \/>\n<meta name=\"author\" content=\"Redaktion\" \/>\n<meta name=\"twitter:card\" content=\"summary_large_image\" \/>\n<meta name=\"twitter:label1\" content=\"Verfasst von\" \/>\n\t<meta name=\"twitter:data1\" content=\"Redaktion\" \/>\n\t<meta name=\"twitter:label2\" content=\"Gesch\u00e4tzte Lesezeit\" \/>\n\t<meta name=\"twitter:data2\" content=\"3\u00a0Minuten\" \/>\n<script type=\"application\/ld+json\" class=\"yoast-schema-graph\">{\"@context\":\"https:\\\/\\\/schema.org\",\"@graph\":[{\"@type\":\"Article\",\"@id\":\"https:\\\/\\\/www.tung.ch\\\/de\\\/leben\\\/auch-maenner-haben-einen-kinderwunsch\\\/#article\",\"isPartOf\":{\"@id\":\"https:\\\/\\\/www.tung.ch\\\/de\\\/leben\\\/auch-maenner-haben-einen-kinderwunsch\\\/\"},\"author\":{\"name\":\"Redaktion\",\"@id\":\"https:\\\/\\\/www.tung.ch\\\/de\\\/#\\\/schema\\\/person\\\/d5bddfa41438b967d82dae70b6bdd099\"},\"headline\":\"Auch M\u00e4nner haben einen Kinderwunsch\",\"datePublished\":\"2023-04-27T11:15:21+00:00\",\"mainEntityOfPage\":{\"@id\":\"https:\\\/\\\/www.tung.ch\\\/de\\\/leben\\\/auch-maenner-haben-einen-kinderwunsch\\\/\"},\"wordCount\":476,\"publisher\":{\"@id\":\"https:\\\/\\\/www.tung.ch\\\/de\\\/#organization\"},\"image\":{\"@id\":\"https:\\\/\\\/www.tung.ch\\\/de\\\/leben\\\/auch-maenner-haben-einen-kinderwunsch\\\/#primaryimage\"},\"thumbnailUrl\":\"https:\\\/\\\/www.tung.ch\\\/wp-content\\\/uploads\\\/2023\\\/04\\\/einen-Kinderwunsch_01.webp\",\"keywords\":[\"Familie\",\"Kinderwunsch\",\"Leben\"],\"articleSection\":[\"Familie\",\"Leben\"],\"inLanguage\":\"de\"},{\"@type\":\"WebPage\",\"@id\":\"https:\\\/\\\/www.tung.ch\\\/de\\\/leben\\\/auch-maenner-haben-einen-kinderwunsch\\\/\",\"url\":\"https:\\\/\\\/www.tung.ch\\\/de\\\/leben\\\/auch-maenner-haben-einen-kinderwunsch\\\/\",\"name\":\"Auch M\u00e4nner haben einen Kinderwunsch - Tung\",\"isPartOf\":{\"@id\":\"https:\\\/\\\/www.tung.ch\\\/de\\\/#website\"},\"primaryImageOfPage\":{\"@id\":\"https:\\\/\\\/www.tung.ch\\\/de\\\/leben\\\/auch-maenner-haben-einen-kinderwunsch\\\/#primaryimage\"},\"image\":{\"@id\":\"https:\\\/\\\/www.tung.ch\\\/de\\\/leben\\\/auch-maenner-haben-einen-kinderwunsch\\\/#primaryimage\"},\"thumbnailUrl\":\"https:\\\/\\\/www.tung.ch\\\/wp-content\\\/uploads\\\/2023\\\/04\\\/einen-Kinderwunsch_01.webp\",\"datePublished\":\"2023-04-27T11:15:21+00:00\",\"description\":\"M\u00e4nner hegen durchaus den Wunsch, Nachwuchs in ihre Leben zu integrieren \u2013 jedoch auf ihre eigene, differenzierte Weise.\",\"breadcrumb\":{\"@id\":\"https:\\\/\\\/www.tung.ch\\\/de\\\/leben\\\/auch-maenner-haben-einen-kinderwunsch\\\/#breadcrumb\"},\"inLanguage\":\"de\",\"potentialAction\":[{\"@type\":\"ReadAction\",\"target\":[\"https:\\\/\\\/www.tung.ch\\\/de\\\/leben\\\/auch-maenner-haben-einen-kinderwunsch\\\/\"]}]},{\"@type\":\"ImageObject\",\"inLanguage\":\"de\",\"@id\":\"https:\\\/\\\/www.tung.ch\\\/de\\\/leben\\\/auch-maenner-haben-einen-kinderwunsch\\\/#primaryimage\",\"url\":\"https:\\\/\\\/www.tung.ch\\\/wp-content\\\/uploads\\\/2023\\\/04\\\/einen-Kinderwunsch_01.webp\",\"contentUrl\":\"https:\\\/\\\/www.tung.ch\\\/wp-content\\\/uploads\\\/2023\\\/04\\\/einen-Kinderwunsch_01.webp\",\"width\":1600,\"height\":861},{\"@type\":\"BreadcrumbList\",\"@id\":\"https:\\\/\\\/www.tung.ch\\\/de\\\/leben\\\/auch-maenner-haben-einen-kinderwunsch\\\/#breadcrumb\",\"itemListElement\":[{\"@type\":\"ListItem\",\"position\":1,\"name\":\"Startseite\",\"item\":\"https:\\\/\\\/www.tung.ch\\\/de\\\/tung\\\/\"},{\"@type\":\"ListItem\",\"position\":2,\"name\":\"Auch M\u00e4nner haben einen Kinderwunsch\"}]},{\"@type\":\"WebSite\",\"@id\":\"https:\\\/\\\/www.tung.ch\\\/de\\\/#website\",\"url\":\"https:\\\/\\\/www.tung.ch\\\/de\\\/\",\"name\":\"Tung\",\"description\":\"www.tung.ch\",\"publisher\":{\"@id\":\"https:\\\/\\\/www.tung.ch\\\/de\\\/#organization\"},\"alternateName\":\"Aktuelle News\",\"potentialAction\":[{\"@type\":\"SearchAction\",\"target\":{\"@type\":\"EntryPoint\",\"urlTemplate\":\"https:\\\/\\\/www.tung.ch\\\/de\\\/?s={search_term_string}\"},\"query-input\":{\"@type\":\"PropertyValueSpecification\",\"valueRequired\":true,\"valueName\":\"search_term_string\"}}],\"inLanguage\":\"de\"},{\"@type\":\"Organization\",\"@id\":\"https:\\\/\\\/www.tung.ch\\\/de\\\/#organization\",\"name\":\"Tung\",\"alternateName\":\"Aktuelle News\",\"url\":\"https:\\\/\\\/www.tung.ch\\\/de\\\/\",\"logo\":{\"@type\":\"ImageObject\",\"inLanguage\":\"de\",\"@id\":\"https:\\\/\\\/www.tung.ch\\\/de\\\/#\\\/schema\\\/logo\\\/image\\\/\",\"url\":\"https:\\\/\\\/www.tung.ch\\\/wp-content\\\/uploads\\\/2023\\\/03\\\/tung-favicon.webp\",\"contentUrl\":\"https:\\\/\\\/www.tung.ch\\\/wp-content\\\/uploads\\\/2023\\\/03\\\/tung-favicon.webp\",\"width\":300,\"height\":300,\"caption\":\"Tung\"},\"image\":{\"@id\":\"https:\\\/\\\/www.tung.ch\\\/de\\\/#\\\/schema\\\/logo\\\/image\\\/\"},\"sameAs\":[\"https:\\\/\\\/www.facebook.com\\\/tungch\"]},{\"@type\":\"Person\",\"@id\":\"https:\\\/\\\/www.tung.ch\\\/de\\\/#\\\/schema\\\/person\\\/d5bddfa41438b967d82dae70b6bdd099\",\"name\":\"Redaktion\",\"image\":{\"@type\":\"ImageObject\",\"inLanguage\":\"de\",\"@id\":\"https:\\\/\\\/secure.gravatar.com\\\/avatar\\\/c76a74995cbca62d1ed7bdcf90be39daa5378c6cf583356729d241c6921cc340?s=96&d=mm&r=g\",\"url\":\"https:\\\/\\\/secure.gravatar.com\\\/avatar\\\/c76a74995cbca62d1ed7bdcf90be39daa5378c6cf583356729d241c6921cc340?s=96&d=mm&r=g\",\"contentUrl\":\"https:\\\/\\\/secure.gravatar.com\\\/avatar\\\/c76a74995cbca62d1ed7bdcf90be39daa5378c6cf583356729d241c6921cc340?s=96&d=mm&r=g\",\"caption\":\"Redaktion\"},\"url\":\"https:\\\/\\\/www.tung.ch\\\/de\\\/author\\\/outwork\\\/\"}]}<\/script>\n<!-- \/ Yoast SEO plugin. -->","yoast_head_json":{"title":"Auch M\u00e4nner haben einen Kinderwunsch - Tung","description":"M\u00e4nner hegen durchaus den Wunsch, Nachwuchs in ihre Leben zu integrieren \u2013 jedoch auf ihre eigene, differenzierte Weise.","robots":{"index":"index","follow":"follow","max-snippet":"max-snippet:-1","max-image-preview":"max-image-preview:large","max-video-preview":"max-video-preview:-1"},"canonical":"https:\/\/www.tung.ch\/de\/leben\/auch-maenner-haben-einen-kinderwunsch\/","og_locale":"de_DE","og_type":"article","og_title":"Auch M\u00e4nner haben einen Kinderwunsch - Tung","og_description":"M\u00e4nner hegen durchaus den Wunsch, Nachwuchs in ihre Leben zu integrieren \u2013 jedoch auf ihre eigene, differenzierte Weise.","og_url":"https:\/\/www.tung.ch\/de\/leben\/auch-maenner-haben-einen-kinderwunsch\/","og_site_name":"Tung","article_publisher":"https:\/\/www.facebook.com\/tungch","article_published_time":"2023-04-27T11:15:21+00:00","og_image":[{"width":1600,"height":861,"url":"https:\/\/www.tung.ch\/wp-content\/uploads\/2023\/04\/einen-Kinderwunsch_01.webp","type":"image\/webp"}],"author":"Redaktion","twitter_card":"summary_large_image","twitter_misc":{"Verfasst von":"Redaktion","Gesch\u00e4tzte Lesezeit":"3\u00a0Minuten"},"schema":{"@context":"https:\/\/schema.org","@graph":[{"@type":"Article","@id":"https:\/\/www.tung.ch\/de\/leben\/auch-maenner-haben-einen-kinderwunsch\/#article","isPartOf":{"@id":"https:\/\/www.tung.ch\/de\/leben\/auch-maenner-haben-einen-kinderwunsch\/"},"author":{"name":"Redaktion","@id":"https:\/\/www.tung.ch\/de\/#\/schema\/person\/d5bddfa41438b967d82dae70b6bdd099"},"headline":"Auch M\u00e4nner haben einen Kinderwunsch","datePublished":"2023-04-27T11:15:21+00:00","mainEntityOfPage":{"@id":"https:\/\/www.tung.ch\/de\/leben\/auch-maenner-haben-einen-kinderwunsch\/"},"wordCount":476,"publisher":{"@id":"https:\/\/www.tung.ch\/de\/#organization"},"image":{"@id":"https:\/\/www.tung.ch\/de\/leben\/auch-maenner-haben-einen-kinderwunsch\/#primaryimage"},"thumbnailUrl":"https:\/\/www.tung.ch\/wp-content\/uploads\/2023\/04\/einen-Kinderwunsch_01.webp","keywords":["Familie","Kinderwunsch","Leben"],"articleSection":["Familie","Leben"],"inLanguage":"de"},{"@type":"WebPage","@id":"https:\/\/www.tung.ch\/de\/leben\/auch-maenner-haben-einen-kinderwunsch\/","url":"https:\/\/www.tung.ch\/de\/leben\/auch-maenner-haben-einen-kinderwunsch\/","name":"Auch M\u00e4nner haben einen Kinderwunsch - Tung","isPartOf":{"@id":"https:\/\/www.tung.ch\/de\/#website"},"primaryImageOfPage":{"@id":"https:\/\/www.tung.ch\/de\/leben\/auch-maenner-haben-einen-kinderwunsch\/#primaryimage"},"image":{"@id":"https:\/\/www.tung.ch\/de\/leben\/auch-maenner-haben-einen-kinderwunsch\/#primaryimage"},"thumbnailUrl":"https:\/\/www.tung.ch\/wp-content\/uploads\/2023\/04\/einen-Kinderwunsch_01.webp","datePublished":"2023-04-27T11:15:21+00:00","description":"M\u00e4nner hegen durchaus den Wunsch, Nachwuchs in ihre Leben zu integrieren \u2013 jedoch auf ihre eigene, differenzierte Weise.","breadcrumb":{"@id":"https:\/\/www.tung.ch\/de\/leben\/auch-maenner-haben-einen-kinderwunsch\/#breadcrumb"},"inLanguage":"de","potentialAction":[{"@type":"ReadAction","target":["https:\/\/www.tung.ch\/de\/leben\/auch-maenner-haben-einen-kinderwunsch\/"]}]},{"@type":"ImageObject","inLanguage":"de","@id":"https:\/\/www.tung.ch\/de\/leben\/auch-maenner-haben-einen-kinderwunsch\/#primaryimage","url":"https:\/\/www.tung.ch\/wp-content\/uploads\/2023\/04\/einen-Kinderwunsch_01.webp","contentUrl":"https:\/\/www.tung.ch\/wp-content\/uploads\/2023\/04\/einen-Kinderwunsch_01.webp","width":1600,"height":861},{"@type":"BreadcrumbList","@id":"https:\/\/www.tung.ch\/de\/leben\/auch-maenner-haben-einen-kinderwunsch\/#breadcrumb","itemListElement":[{"@type":"ListItem","position":1,"name":"Startseite","item":"https:\/\/www.tung.ch\/de\/tung\/"},{"@type":"ListItem","position":2,"name":"Auch M\u00e4nner haben einen Kinderwunsch"}]},{"@type":"WebSite","@id":"https:\/\/www.tung.ch\/de\/#website","url":"https:\/\/www.tung.ch\/de\/","name":"Tung","description":"www.tung.ch","publisher":{"@id":"https:\/\/www.tung.ch\/de\/#organization"},"alternateName":"Aktuelle News","potentialAction":[{"@type":"SearchAction","target":{"@type":"EntryPoint","urlTemplate":"https:\/\/www.tung.ch\/de\/?s={search_term_string}"},"query-input":{"@type":"PropertyValueSpecification","valueRequired":true,"valueName":"search_term_string"}}],"inLanguage":"de"},{"@type":"Organization","@id":"https:\/\/www.tung.ch\/de\/#organization","name":"Tung","alternateName":"Aktuelle News","url":"https:\/\/www.tung.ch\/de\/","logo":{"@type":"ImageObject","inLanguage":"de","@id":"https:\/\/www.tung.ch\/de\/#\/schema\/logo\/image\/","url":"https:\/\/www.tung.ch\/wp-content\/uploads\/2023\/03\/tung-favicon.webp","contentUrl":"https:\/\/www.tung.ch\/wp-content\/uploads\/2023\/03\/tung-favicon.webp","width":300,"height":300,"caption":"Tung"},"image":{"@id":"https:\/\/www.tung.ch\/de\/#\/schema\/logo\/image\/"},"sameAs":["https:\/\/www.facebook.com\/tungch"]},{"@type":"Person","@id":"https:\/\/www.tung.ch\/de\/#\/schema\/person\/d5bddfa41438b967d82dae70b6bdd099","name":"Redaktion","image":{"@type":"ImageObject","inLanguage":"de","@id":"https:\/\/secure.gravatar.com\/avatar\/c76a74995cbca62d1ed7bdcf90be39daa5378c6cf583356729d241c6921cc340?s=96&d=mm&r=g","url":"https:\/\/secure.gravatar.com\/avatar\/c76a74995cbca62d1ed7bdcf90be39daa5378c6cf583356729d241c6921cc340?s=96&d=mm&r=g","contentUrl":"https:\/\/secure.gravatar.com\/avatar\/c76a74995cbca62d1ed7bdcf90be39daa5378c6cf583356729d241c6921cc340?s=96&d=mm&r=g","caption":"Redaktion"},"url":"https:\/\/www.tung.ch\/de\/author\/outwork\/"}]}},"_links":{"self":[{"href":"https:\/\/www.tung.ch\/de\/wp-json\/wp\/v2\/posts\/1466","targetHints":{"allow":["GET"]}}],"collection":[{"href":"https:\/\/www.tung.ch\/de\/wp-json\/wp\/v2\/posts"}],"about":[{"href":"https:\/\/www.tung.ch\/de\/wp-json\/wp\/v2\/types\/post"}],"author":[{"embeddable":true,"href":"https:\/\/www.tung.ch\/de\/wp-json\/wp\/v2\/users\/2"}],"replies":[{"embeddable":true,"href":"https:\/\/www.tung.ch\/de\/wp-json\/wp\/v2\/comments?post=1466"}],"version-history":[{"count":1,"href":"https:\/\/www.tung.ch\/de\/wp-json\/wp\/v2\/posts\/1466\/revisions"}],"predecessor-version":[{"id":1473,"href":"https:\/\/www.tung.ch\/de\/wp-json\/wp\/v2\/posts\/1466\/revisions\/1473"}],"wp:featuredmedia":[{"embeddable":true,"href":"https:\/\/www.tung.ch\/de\/wp-json\/wp\/v2\/media\/1469"}],"wp:attachment":[{"href":"https:\/\/www.tung.ch\/de\/wp-json\/wp\/v2\/media?parent=1466"}],"wp:term":[{"taxonomy":"category","embeddable":true,"href":"https:\/\/www.tung.ch\/de\/wp-json\/wp\/v2\/categories?post=1466"},{"taxonomy":"post_tag","embeddable":true,"href":"https:\/\/www.tung.ch\/de\/wp-json\/wp\/v2\/tags?post=1466"}],"curies":[{"name":"wp","href":"https:\/\/api.w.org\/{rel}","templated":true}]}}