{"id":2001,"date":"2023-05-19T15:38:32","date_gmt":"2023-05-19T13:38:32","guid":{"rendered":"https:\/\/www.tung.ch\/?p=2001"},"modified":"2023-05-19T15:38:32","modified_gmt":"2023-05-19T13:38:32","slug":"die-ueberraschenden-vorteile-des-abendlichen-verzehrs-von-aepfeln","status":"publish","type":"post","link":"https:\/\/www.tung.ch\/de\/gesundheit\/die-ueberraschenden-vorteile-des-abendlichen-verzehrs-von-aepfeln\/","title":{"rendered":"Die \u00fcberraschenden Vorteile des abendlichen Verzehrs von \u00c4pfeln"},"content":{"rendered":"<h2>Ein Apfel am Tag vor dem Schlafengehen h\u00e4lt den Arzt fern<\/h2>\n<p><strong>Falsch gedacht! Ein Apfel am Abend ist absolut kein Tabu &#8211; im Gegenteil! Er eignet sich hervorragend als gesunder Snack, um K\u00f6rper und Geist vor dem Schlafengehen nochmal aufzutanken, ohne den Magen zu \u00fcberfordern. Knacken Sie ruhig gen\u00fcsslich in einen saftigen Apfel, bevor Sie sich unter die Decke kuscheln &#8211; Ihr K\u00f6rper wird es Ihnen mit Wohlgef\u00fchl und Gesundheit danken!<\/strong><\/p>\n<h2>Gesund und lecker: Warum \u00c4pfel unverzichtbar sind!<\/h2>\n<p>\u00c4pfel sind wirklich eine Wunderfrucht! Sie sind prall gef\u00fcllt mit wichtigen Vitaminen und Mineralstoffen wie Antioxidantien und Polyphenolen und das Beste daran ist, dass sie nahezu fettfrei sind. Vitamin C, eines der wertvollen Inhaltsstoffe des Apfels, tr\u00e4gt zur Senkung des Blutdrucks, zur Verbesserung der Atmung und zur Regulierung des Blutzuckerspiegels bei.<\/p>\n<p>All dies erm\u00f6glicht Ihnen, sich zu entspannen und ein Gef\u00fchl des Wohlbefindens zu erleben. Zudem enth\u00e4lt der Apfel auch Vitamin B6, welches das n\u00e4chtliche Fettverbrennen unterst\u00fctzt &#8211; ein grossartiger Vorteil f\u00fcr alle, die abnehmen wollen.<\/p>\n<p><img loading=\"lazy\" decoding=\"async\" class=\"alignnone size-full wp-image-2004\" src=\"https:\/\/www.tung.ch\/wp-content\/uploads\/2023\/05\/Warum-ein-Apfel_01.webp\" alt=\"Warum ein Apfel_01\" width=\"1600\" height=\"1067\" srcset=\"https:\/\/www.tung.ch\/wp-content\/uploads\/2023\/05\/Warum-ein-Apfel_01.webp 1600w, https:\/\/www.tung.ch\/wp-content\/uploads\/2023\/05\/Warum-ein-Apfel_01-600x400.webp 600w, https:\/\/www.tung.ch\/wp-content\/uploads\/2023\/05\/Warum-ein-Apfel_01-1200x800.webp 1200w, https:\/\/www.tung.ch\/wp-content\/uploads\/2023\/05\/Warum-ein-Apfel_01-768x512.webp 768w, https:\/\/www.tung.ch\/wp-content\/uploads\/2023\/05\/Warum-ein-Apfel_01-1536x1024.webp 1536w, https:\/\/www.tung.ch\/wp-content\/uploads\/2023\/05\/Warum-ein-Apfel_01-150x100.webp 150w, https:\/\/www.tung.ch\/wp-content\/uploads\/2023\/05\/Warum-ein-Apfel_01-300x200.webp 300w, https:\/\/www.tung.ch\/wp-content\/uploads\/2023\/05\/Warum-ein-Apfel_01-696x464.webp 696w, https:\/\/www.tung.ch\/wp-content\/uploads\/2023\/05\/Warum-ein-Apfel_01-1068x712.webp 1068w\" sizes=\"auto, (max-width: 1600px) 100vw, 1600px\" \/><\/p>\n<p>Haben Sie Schwierigkeiten einzuschlafen und f\u00fchlen Sie sich am Morgen unausgeruht? Dann empfehlen wir dringend, einen Apfel vor dem Schlafengehen zu essen. Sie werden feststellen, dass Sie eine erholsame Nacht haben und sich am n\u00e4chsten Tag voller Energie f\u00fchlen. Probieren Sie es aus und \u00fcberraschen Sie sich selbst damit, wie wunderbar \u00c4pfel sein k\u00f6nnen!<\/p>\n<p>&nbsp;<\/p>\n","protected":false},"excerpt":{"rendered":"<p>Ein Apfel am Tag vor dem Schlafengehen h\u00e4lt den Arzt fern Falsch gedacht! Ein Apfel am Abend ist absolut kein Tabu &#8211; im Gegenteil! Er eignet sich hervorragend als gesunder Snack, um K\u00f6rper und Geist vor dem Schlafengehen nochmal aufzutanken, ohne den Magen zu \u00fcberfordern. Knacken Sie ruhig gen\u00fcsslich in einen saftigen Apfel, bevor Sie [&hellip;]<\/p>\n","protected":false},"author":2,"featured_media":2002,"comment_status":"closed","ping_status":"closed","sticky":false,"template":"","format":"standard","meta":{"inline_featured_image":false,"footnotes":""},"categories":[28],"tags":[967,78],"class_list":{"0":"post-2001","1":"post","2":"type-post","3":"status-publish","4":"format-standard","5":"has-post-thumbnail","7":"category-gesundheit","8":"tag-aepfel","9":"tag-gesundheit"},"yoast_head":"<!-- This site is optimized with the Yoast SEO plugin v27.5 - https:\/\/yoast.com\/product\/yoast-seo-wordpress\/ -->\n<title>Die \u00fcberraschenden Vorteile des abendlichen Verzehrs von \u00c4pfeln - Tung<\/title>\n<meta name=\"description\" content=\"Falsch gedacht! Ein Apfel am Abend ist absolut kein Tabu - im Gegenteil! Er eignet sich hervorragend als gesunder Snack, um K\u00f6rper und Geist\" \/>\n<meta name=\"robots\" content=\"index, follow, max-snippet:-1, max-image-preview:large, max-video-preview:-1\" \/>\n<link rel=\"canonical\" href=\"https:\/\/www.tung.ch\/de\/gesundheit\/die-ueberraschenden-vorteile-des-abendlichen-verzehrs-von-aepfeln\/\" \/>\n<meta property=\"og:locale\" content=\"de_DE\" \/>\n<meta property=\"og:type\" content=\"article\" \/>\n<meta property=\"og:title\" content=\"Die \u00fcberraschenden Vorteile des abendlichen Verzehrs von \u00c4pfeln - Tung\" \/>\n<meta property=\"og:description\" content=\"Falsch gedacht! Ein Apfel am Abend ist absolut kein Tabu - im Gegenteil! Er eignet sich hervorragend als gesunder Snack, um K\u00f6rper und Geist\" \/>\n<meta property=\"og:url\" content=\"https:\/\/www.tung.ch\/de\/gesundheit\/die-ueberraschenden-vorteile-des-abendlichen-verzehrs-von-aepfeln\/\" \/>\n<meta property=\"og:site_name\" content=\"Tung\" \/>\n<meta property=\"article:publisher\" content=\"https:\/\/www.facebook.com\/tungch\" \/>\n<meta property=\"article:published_time\" content=\"2023-05-19T13:38:32+00:00\" \/>\n<meta property=\"og:image\" content=\"https:\/\/www.tung.ch\/wp-content\/uploads\/2023\/05\/Warum-ein-Apfel_02.webp\" \/>\n\t<meta property=\"og:image:width\" content=\"1600\" \/>\n\t<meta property=\"og:image:height\" content=\"580\" \/>\n\t<meta property=\"og:image:type\" content=\"image\/webp\" \/>\n<meta name=\"author\" content=\"Redaktion\" \/>\n<meta name=\"twitter:card\" content=\"summary_large_image\" \/>\n<meta name=\"twitter:label1\" content=\"Verfasst von\" \/>\n\t<meta name=\"twitter:data1\" content=\"Redaktion\" \/>\n\t<meta name=\"twitter:label2\" content=\"Gesch\u00e4tzte Lesezeit\" \/>\n\t<meta name=\"twitter:data2\" content=\"2\u00a0Minuten\" \/>\n<script type=\"application\/ld+json\" class=\"yoast-schema-graph\">{\"@context\":\"https:\\\/\\\/schema.org\",\"@graph\":[{\"@type\":\"Article\",\"@id\":\"https:\\\/\\\/www.tung.ch\\\/de\\\/gesundheit\\\/die-ueberraschenden-vorteile-des-abendlichen-verzehrs-von-aepfeln\\\/#article\",\"isPartOf\":{\"@id\":\"https:\\\/\\\/www.tung.ch\\\/de\\\/gesundheit\\\/die-ueberraschenden-vorteile-des-abendlichen-verzehrs-von-aepfeln\\\/\"},\"author\":{\"name\":\"Redaktion\",\"@id\":\"https:\\\/\\\/www.tung.ch\\\/de\\\/#\\\/schema\\\/person\\\/d5bddfa41438b967d82dae70b6bdd099\"},\"headline\":\"Die \u00fcberraschenden Vorteile des abendlichen Verzehrs von \u00c4pfeln\",\"datePublished\":\"2023-05-19T13:38:32+00:00\",\"mainEntityOfPage\":{\"@id\":\"https:\\\/\\\/www.tung.ch\\\/de\\\/gesundheit\\\/die-ueberraschenden-vorteile-des-abendlichen-verzehrs-von-aepfeln\\\/\"},\"wordCount\":244,\"publisher\":{\"@id\":\"https:\\\/\\\/www.tung.ch\\\/de\\\/#organization\"},\"image\":{\"@id\":\"https:\\\/\\\/www.tung.ch\\\/de\\\/gesundheit\\\/die-ueberraschenden-vorteile-des-abendlichen-verzehrs-von-aepfeln\\\/#primaryimage\"},\"thumbnailUrl\":\"https:\\\/\\\/www.tung.ch\\\/wp-content\\\/uploads\\\/2023\\\/05\\\/Warum-ein-Apfel_02.webp\",\"keywords\":[\"\u00c4pfel\",\"Gesundheit\"],\"articleSection\":[\"Gesundheit\"],\"inLanguage\":\"de\"},{\"@type\":\"WebPage\",\"@id\":\"https:\\\/\\\/www.tung.ch\\\/de\\\/gesundheit\\\/die-ueberraschenden-vorteile-des-abendlichen-verzehrs-von-aepfeln\\\/\",\"url\":\"https:\\\/\\\/www.tung.ch\\\/de\\\/gesundheit\\\/die-ueberraschenden-vorteile-des-abendlichen-verzehrs-von-aepfeln\\\/\",\"name\":\"Die \u00fcberraschenden Vorteile des abendlichen Verzehrs von \u00c4pfeln - Tung\",\"isPartOf\":{\"@id\":\"https:\\\/\\\/www.tung.ch\\\/de\\\/#website\"},\"primaryImageOfPage\":{\"@id\":\"https:\\\/\\\/www.tung.ch\\\/de\\\/gesundheit\\\/die-ueberraschenden-vorteile-des-abendlichen-verzehrs-von-aepfeln\\\/#primaryimage\"},\"image\":{\"@id\":\"https:\\\/\\\/www.tung.ch\\\/de\\\/gesundheit\\\/die-ueberraschenden-vorteile-des-abendlichen-verzehrs-von-aepfeln\\\/#primaryimage\"},\"thumbnailUrl\":\"https:\\\/\\\/www.tung.ch\\\/wp-content\\\/uploads\\\/2023\\\/05\\\/Warum-ein-Apfel_02.webp\",\"datePublished\":\"2023-05-19T13:38:32+00:00\",\"description\":\"Falsch gedacht! Ein Apfel am Abend ist absolut kein Tabu - im Gegenteil! Er eignet sich hervorragend als gesunder Snack, um K\u00f6rper und Geist\",\"breadcrumb\":{\"@id\":\"https:\\\/\\\/www.tung.ch\\\/de\\\/gesundheit\\\/die-ueberraschenden-vorteile-des-abendlichen-verzehrs-von-aepfeln\\\/#breadcrumb\"},\"inLanguage\":\"de\",\"potentialAction\":[{\"@type\":\"ReadAction\",\"target\":[\"https:\\\/\\\/www.tung.ch\\\/de\\\/gesundheit\\\/die-ueberraschenden-vorteile-des-abendlichen-verzehrs-von-aepfeln\\\/\"]}]},{\"@type\":\"ImageObject\",\"inLanguage\":\"de\",\"@id\":\"https:\\\/\\\/www.tung.ch\\\/de\\\/gesundheit\\\/die-ueberraschenden-vorteile-des-abendlichen-verzehrs-von-aepfeln\\\/#primaryimage\",\"url\":\"https:\\\/\\\/www.tung.ch\\\/wp-content\\\/uploads\\\/2023\\\/05\\\/Warum-ein-Apfel_02.webp\",\"contentUrl\":\"https:\\\/\\\/www.tung.ch\\\/wp-content\\\/uploads\\\/2023\\\/05\\\/Warum-ein-Apfel_02.webp\",\"width\":1600,\"height\":580,\"caption\":\"Warum ein Apfel_02\"},{\"@type\":\"BreadcrumbList\",\"@id\":\"https:\\\/\\\/www.tung.ch\\\/de\\\/gesundheit\\\/die-ueberraschenden-vorteile-des-abendlichen-verzehrs-von-aepfeln\\\/#breadcrumb\",\"itemListElement\":[{\"@type\":\"ListItem\",\"position\":1,\"name\":\"Startseite\",\"item\":\"https:\\\/\\\/www.tung.ch\\\/de\\\/tung\\\/\"},{\"@type\":\"ListItem\",\"position\":2,\"name\":\"Die \u00fcberraschenden Vorteile des abendlichen Verzehrs von \u00c4pfeln\"}]},{\"@type\":\"WebSite\",\"@id\":\"https:\\\/\\\/www.tung.ch\\\/de\\\/#website\",\"url\":\"https:\\\/\\\/www.tung.ch\\\/de\\\/\",\"name\":\"Tung\",\"description\":\"www.tung.ch\",\"publisher\":{\"@id\":\"https:\\\/\\\/www.tung.ch\\\/de\\\/#organization\"},\"alternateName\":\"Aktuelle News\",\"potentialAction\":[{\"@type\":\"SearchAction\",\"target\":{\"@type\":\"EntryPoint\",\"urlTemplate\":\"https:\\\/\\\/www.tung.ch\\\/de\\\/?s={search_term_string}\"},\"query-input\":{\"@type\":\"PropertyValueSpecification\",\"valueRequired\":true,\"valueName\":\"search_term_string\"}}],\"inLanguage\":\"de\"},{\"@type\":\"Organization\",\"@id\":\"https:\\\/\\\/www.tung.ch\\\/de\\\/#organization\",\"name\":\"Tung\",\"alternateName\":\"Aktuelle News\",\"url\":\"https:\\\/\\\/www.tung.ch\\\/de\\\/\",\"logo\":{\"@type\":\"ImageObject\",\"inLanguage\":\"de\",\"@id\":\"https:\\\/\\\/www.tung.ch\\\/de\\\/#\\\/schema\\\/logo\\\/image\\\/\",\"url\":\"https:\\\/\\\/www.tung.ch\\\/wp-content\\\/uploads\\\/2023\\\/03\\\/tung-favicon.webp\",\"contentUrl\":\"https:\\\/\\\/www.tung.ch\\\/wp-content\\\/uploads\\\/2023\\\/03\\\/tung-favicon.webp\",\"width\":300,\"height\":300,\"caption\":\"Tung\"},\"image\":{\"@id\":\"https:\\\/\\\/www.tung.ch\\\/de\\\/#\\\/schema\\\/logo\\\/image\\\/\"},\"sameAs\":[\"https:\\\/\\\/www.facebook.com\\\/tungch\"]},{\"@type\":\"Person\",\"@id\":\"https:\\\/\\\/www.tung.ch\\\/de\\\/#\\\/schema\\\/person\\\/d5bddfa41438b967d82dae70b6bdd099\",\"name\":\"Redaktion\",\"image\":{\"@type\":\"ImageObject\",\"inLanguage\":\"de\",\"@id\":\"https:\\\/\\\/secure.gravatar.com\\\/avatar\\\/c76a74995cbca62d1ed7bdcf90be39daa5378c6cf583356729d241c6921cc340?s=96&d=mm&r=g\",\"url\":\"https:\\\/\\\/secure.gravatar.com\\\/avatar\\\/c76a74995cbca62d1ed7bdcf90be39daa5378c6cf583356729d241c6921cc340?s=96&d=mm&r=g\",\"contentUrl\":\"https:\\\/\\\/secure.gravatar.com\\\/avatar\\\/c76a74995cbca62d1ed7bdcf90be39daa5378c6cf583356729d241c6921cc340?s=96&d=mm&r=g\",\"caption\":\"Redaktion\"},\"url\":\"https:\\\/\\\/www.tung.ch\\\/de\\\/author\\\/outwork\\\/\"}]}<\/script>\n<!-- \/ Yoast SEO plugin. -->","yoast_head_json":{"title":"Die \u00fcberraschenden Vorteile des abendlichen Verzehrs von \u00c4pfeln - Tung","description":"Falsch gedacht! Ein Apfel am Abend ist absolut kein Tabu - im Gegenteil! Er eignet sich hervorragend als gesunder Snack, um K\u00f6rper und Geist","robots":{"index":"index","follow":"follow","max-snippet":"max-snippet:-1","max-image-preview":"max-image-preview:large","max-video-preview":"max-video-preview:-1"},"canonical":"https:\/\/www.tung.ch\/de\/gesundheit\/die-ueberraschenden-vorteile-des-abendlichen-verzehrs-von-aepfeln\/","og_locale":"de_DE","og_type":"article","og_title":"Die \u00fcberraschenden Vorteile des abendlichen Verzehrs von \u00c4pfeln - Tung","og_description":"Falsch gedacht! Ein Apfel am Abend ist absolut kein Tabu - im Gegenteil! Er eignet sich hervorragend als gesunder Snack, um K\u00f6rper und Geist","og_url":"https:\/\/www.tung.ch\/de\/gesundheit\/die-ueberraschenden-vorteile-des-abendlichen-verzehrs-von-aepfeln\/","og_site_name":"Tung","article_publisher":"https:\/\/www.facebook.com\/tungch","article_published_time":"2023-05-19T13:38:32+00:00","og_image":[{"width":1600,"height":580,"url":"https:\/\/www.tung.ch\/wp-content\/uploads\/2023\/05\/Warum-ein-Apfel_02.webp","type":"image\/webp"}],"author":"Redaktion","twitter_card":"summary_large_image","twitter_misc":{"Verfasst von":"Redaktion","Gesch\u00e4tzte Lesezeit":"2\u00a0Minuten"},"schema":{"@context":"https:\/\/schema.org","@graph":[{"@type":"Article","@id":"https:\/\/www.tung.ch\/de\/gesundheit\/die-ueberraschenden-vorteile-des-abendlichen-verzehrs-von-aepfeln\/#article","isPartOf":{"@id":"https:\/\/www.tung.ch\/de\/gesundheit\/die-ueberraschenden-vorteile-des-abendlichen-verzehrs-von-aepfeln\/"},"author":{"name":"Redaktion","@id":"https:\/\/www.tung.ch\/de\/#\/schema\/person\/d5bddfa41438b967d82dae70b6bdd099"},"headline":"Die \u00fcberraschenden Vorteile des abendlichen Verzehrs von \u00c4pfeln","datePublished":"2023-05-19T13:38:32+00:00","mainEntityOfPage":{"@id":"https:\/\/www.tung.ch\/de\/gesundheit\/die-ueberraschenden-vorteile-des-abendlichen-verzehrs-von-aepfeln\/"},"wordCount":244,"publisher":{"@id":"https:\/\/www.tung.ch\/de\/#organization"},"image":{"@id":"https:\/\/www.tung.ch\/de\/gesundheit\/die-ueberraschenden-vorteile-des-abendlichen-verzehrs-von-aepfeln\/#primaryimage"},"thumbnailUrl":"https:\/\/www.tung.ch\/wp-content\/uploads\/2023\/05\/Warum-ein-Apfel_02.webp","keywords":["\u00c4pfel","Gesundheit"],"articleSection":["Gesundheit"],"inLanguage":"de"},{"@type":"WebPage","@id":"https:\/\/www.tung.ch\/de\/gesundheit\/die-ueberraschenden-vorteile-des-abendlichen-verzehrs-von-aepfeln\/","url":"https:\/\/www.tung.ch\/de\/gesundheit\/die-ueberraschenden-vorteile-des-abendlichen-verzehrs-von-aepfeln\/","name":"Die \u00fcberraschenden Vorteile des abendlichen Verzehrs von \u00c4pfeln - Tung","isPartOf":{"@id":"https:\/\/www.tung.ch\/de\/#website"},"primaryImageOfPage":{"@id":"https:\/\/www.tung.ch\/de\/gesundheit\/die-ueberraschenden-vorteile-des-abendlichen-verzehrs-von-aepfeln\/#primaryimage"},"image":{"@id":"https:\/\/www.tung.ch\/de\/gesundheit\/die-ueberraschenden-vorteile-des-abendlichen-verzehrs-von-aepfeln\/#primaryimage"},"thumbnailUrl":"https:\/\/www.tung.ch\/wp-content\/uploads\/2023\/05\/Warum-ein-Apfel_02.webp","datePublished":"2023-05-19T13:38:32+00:00","description":"Falsch gedacht! Ein Apfel am Abend ist absolut kein Tabu - im Gegenteil! Er eignet sich hervorragend als gesunder Snack, um K\u00f6rper und Geist","breadcrumb":{"@id":"https:\/\/www.tung.ch\/de\/gesundheit\/die-ueberraschenden-vorteile-des-abendlichen-verzehrs-von-aepfeln\/#breadcrumb"},"inLanguage":"de","potentialAction":[{"@type":"ReadAction","target":["https:\/\/www.tung.ch\/de\/gesundheit\/die-ueberraschenden-vorteile-des-abendlichen-verzehrs-von-aepfeln\/"]}]},{"@type":"ImageObject","inLanguage":"de","@id":"https:\/\/www.tung.ch\/de\/gesundheit\/die-ueberraschenden-vorteile-des-abendlichen-verzehrs-von-aepfeln\/#primaryimage","url":"https:\/\/www.tung.ch\/wp-content\/uploads\/2023\/05\/Warum-ein-Apfel_02.webp","contentUrl":"https:\/\/www.tung.ch\/wp-content\/uploads\/2023\/05\/Warum-ein-Apfel_02.webp","width":1600,"height":580,"caption":"Warum ein Apfel_02"},{"@type":"BreadcrumbList","@id":"https:\/\/www.tung.ch\/de\/gesundheit\/die-ueberraschenden-vorteile-des-abendlichen-verzehrs-von-aepfeln\/#breadcrumb","itemListElement":[{"@type":"ListItem","position":1,"name":"Startseite","item":"https:\/\/www.tung.ch\/de\/tung\/"},{"@type":"ListItem","position":2,"name":"Die \u00fcberraschenden Vorteile des abendlichen Verzehrs von \u00c4pfeln"}]},{"@type":"WebSite","@id":"https:\/\/www.tung.ch\/de\/#website","url":"https:\/\/www.tung.ch\/de\/","name":"Tung","description":"www.tung.ch","publisher":{"@id":"https:\/\/www.tung.ch\/de\/#organization"},"alternateName":"Aktuelle News","potentialAction":[{"@type":"SearchAction","target":{"@type":"EntryPoint","urlTemplate":"https:\/\/www.tung.ch\/de\/?s={search_term_string}"},"query-input":{"@type":"PropertyValueSpecification","valueRequired":true,"valueName":"search_term_string"}}],"inLanguage":"de"},{"@type":"Organization","@id":"https:\/\/www.tung.ch\/de\/#organization","name":"Tung","alternateName":"Aktuelle News","url":"https:\/\/www.tung.ch\/de\/","logo":{"@type":"ImageObject","inLanguage":"de","@id":"https:\/\/www.tung.ch\/de\/#\/schema\/logo\/image\/","url":"https:\/\/www.tung.ch\/wp-content\/uploads\/2023\/03\/tung-favicon.webp","contentUrl":"https:\/\/www.tung.ch\/wp-content\/uploads\/2023\/03\/tung-favicon.webp","width":300,"height":300,"caption":"Tung"},"image":{"@id":"https:\/\/www.tung.ch\/de\/#\/schema\/logo\/image\/"},"sameAs":["https:\/\/www.facebook.com\/tungch"]},{"@type":"Person","@id":"https:\/\/www.tung.ch\/de\/#\/schema\/person\/d5bddfa41438b967d82dae70b6bdd099","name":"Redaktion","image":{"@type":"ImageObject","inLanguage":"de","@id":"https:\/\/secure.gravatar.com\/avatar\/c76a74995cbca62d1ed7bdcf90be39daa5378c6cf583356729d241c6921cc340?s=96&d=mm&r=g","url":"https:\/\/secure.gravatar.com\/avatar\/c76a74995cbca62d1ed7bdcf90be39daa5378c6cf583356729d241c6921cc340?s=96&d=mm&r=g","contentUrl":"https:\/\/secure.gravatar.com\/avatar\/c76a74995cbca62d1ed7bdcf90be39daa5378c6cf583356729d241c6921cc340?s=96&d=mm&r=g","caption":"Redaktion"},"url":"https:\/\/www.tung.ch\/de\/author\/outwork\/"}]}},"_links":{"self":[{"href":"https:\/\/www.tung.ch\/de\/wp-json\/wp\/v2\/posts\/2001","targetHints":{"allow":["GET"]}}],"collection":[{"href":"https:\/\/www.tung.ch\/de\/wp-json\/wp\/v2\/posts"}],"about":[{"href":"https:\/\/www.tung.ch\/de\/wp-json\/wp\/v2\/types\/post"}],"author":[{"embeddable":true,"href":"https:\/\/www.tung.ch\/de\/wp-json\/wp\/v2\/users\/2"}],"replies":[{"embeddable":true,"href":"https:\/\/www.tung.ch\/de\/wp-json\/wp\/v2\/comments?post=2001"}],"version-history":[{"count":1,"href":"https:\/\/www.tung.ch\/de\/wp-json\/wp\/v2\/posts\/2001\/revisions"}],"predecessor-version":[{"id":2006,"href":"https:\/\/www.tung.ch\/de\/wp-json\/wp\/v2\/posts\/2001\/revisions\/2006"}],"wp:featuredmedia":[{"embeddable":true,"href":"https:\/\/www.tung.ch\/de\/wp-json\/wp\/v2\/media\/2002"}],"wp:attachment":[{"href":"https:\/\/www.tung.ch\/de\/wp-json\/wp\/v2\/media?parent=2001"}],"wp:term":[{"taxonomy":"category","embeddable":true,"href":"https:\/\/www.tung.ch\/de\/wp-json\/wp\/v2\/categories?post=2001"},{"taxonomy":"post_tag","embeddable":true,"href":"https:\/\/www.tung.ch\/de\/wp-json\/wp\/v2\/tags?post=2001"}],"curies":[{"name":"wp","href":"https:\/\/api.w.org\/{rel}","templated":true}]}}