{"id":2456,"date":"2023-05-03T15:40:58","date_gmt":"2023-05-03T13:40:58","guid":{"rendered":"https:\/\/www.tung.ch\/tung-de\/opsionet-e-dushit-dhe-humbja-e-flokeve\/"},"modified":"2023-06-16T21:55:06","modified_gmt":"2023-06-16T19:55:06","slug":"duschoptionen-und-haarausfall","status":"publish","type":"post","link":"https:\/\/www.tung.ch\/de\/gesundheit\/beratung\/duschoptionen-und-haarausfall\/","title":{"rendered":"Duschoptionen und Haarausfall"},"content":{"rendered":"<h2>Falsche Duschoptionen verursachen Haarausfall<\/h2>\n<p><strong>Sam Cinkir, CEO von &#8222;Este Medical Group&#8220;, betonte, dass es sehr wichtig ist, sich der Sch\u00e4den bewusst zu sein, die heisse Duschen unserem Haar zuf\u00fcgen k\u00f6nnen. Indem man versteht, welche Faktoren die Hauptursachen f\u00fcr Sch\u00e4den sind, erkl\u00e4rte er, dass heisses Wasser die allgemeine Gesundheit unserer Haarstr\u00e4hnen gef\u00e4hrden kann.<\/strong><\/p>\n<p><img loading=\"lazy\" decoding=\"async\" class=\"alignnone wp-image-1784 size-full\" src=\"https:\/\/www.tung.ch\/wp-content\/uploads\/2023\/05\/Dushi_02.webp\" alt=\"\" width=\"1600\" height=\"1068\" srcset=\"https:\/\/www.tung.ch\/wp-content\/uploads\/2023\/05\/Dushi_02.webp 1600w, https:\/\/www.tung.ch\/wp-content\/uploads\/2023\/05\/Dushi_02-600x401.webp 600w, https:\/\/www.tung.ch\/wp-content\/uploads\/2023\/05\/Dushi_02-1200x801.webp 1200w, https:\/\/www.tung.ch\/wp-content\/uploads\/2023\/05\/Dushi_02-768x513.webp 768w, https:\/\/www.tung.ch\/wp-content\/uploads\/2023\/05\/Dushi_02-1536x1025.webp 1536w, https:\/\/www.tung.ch\/wp-content\/uploads\/2023\/05\/Dushi_02-150x100.webp 150w, https:\/\/www.tung.ch\/wp-content\/uploads\/2023\/05\/Dushi_02-300x200.webp 300w, https:\/\/www.tung.ch\/wp-content\/uploads\/2023\/05\/Dushi_02-696x465.webp 696w, https:\/\/www.tung.ch\/wp-content\/uploads\/2023\/05\/Dushi_02-1068x713.webp 1068w\" sizes=\"auto, (max-width: 1600px) 100vw, 1600px\" \/><\/p>\n<p>&#8222;W\u00e4hrend das Duschen uns k\u00f6rperlich entspannt, kann zu heisses Wasser Ihre Haut und Ihr Haar sch\u00e4digen. Dieser Effekt verlangsamt den Blutfluss und kann den unn\u00f6tigen Blutfluss auf der Kopfhaut beeintr\u00e4chtigen, was die Gesundheit und das Wachstum unserer Haare beeinflusst&#8220;, f\u00fcgte er hinzu. Elemente wie Haarausfall und Schuppen k\u00f6nnen sehr besorgniserregend und sch\u00e4dlich f\u00fcr uns sein, und er warnte davor, dass man angemessene Massnahmen ergreifen muss, um diese gemeinsamen Symptome in unserer t\u00e4glichen Dusche zu vermeiden.<\/p>\n<p>Mit anderen Worten, als Hauptziel sollten wir beim Duschen darauf achten, die Wassertemperatur sorgf\u00e4ltig auszuw\u00e4hlen und sicherzustellen, dass eine gute Durchblutung unserer Haut, insbesondere der Kopfhaut, f\u00fcr die Gesundheit und Sch\u00f6nheit unserer Haare vorhanden ist.<\/p>\n","protected":false},"excerpt":{"rendered":"<p>Falsche Duschoptionen verursachen Haarausfall Sam Cinkir, CEO von &#8222;Este Medical Group&#8220;, betonte, dass es sehr wichtig ist, sich der Sch\u00e4den bewusst zu sein, die heisse Duschen unserem Haar zuf\u00fcgen k\u00f6nnen. Indem man versteht, welche Faktoren die Hauptursachen f\u00fcr Sch\u00e4den sind, erkl\u00e4rte er, dass heisses Wasser die allgemeine Gesundheit unserer Haarstr\u00e4hnen gef\u00e4hrden kann. &#8222;W\u00e4hrend das Duschen [&hellip;]<\/p>\n","protected":false},"author":3,"featured_media":1787,"comment_status":"closed","ping_status":"closed","sticky":false,"template":"","format":"standard","meta":{"inline_featured_image":false,"footnotes":""},"categories":[36],"tags":[1265,1261,1262,78,1266,1270,1263,1264,1267,1269,1268,344],"class_list":{"0":"post-2456","1":"post","2":"type-post","3":"status-publish","4":"format-standard","5":"has-post-thumbnail","7":"category-beratung","8":"tag-duschoptionen","9":"tag-dushi-2","10":"tag-floket-2","11":"tag-gesundheit","12":"tag-haarausfall","13":"tag-haare","14":"tag-larja-2","15":"tag-renia-2","16":"tag-schaeden","17":"tag-schoenheit","18":"tag-schuppen","19":"tag-shendeti"},"yoast_head":"<!-- This site is optimized with the Yoast SEO plugin v27.5 - https:\/\/yoast.com\/product\/yoast-seo-wordpress\/ -->\n<title>Duschoptionen und Haarausfall - Tung<\/title>\n<meta name=\"description\" content=\"Haarausfall; Sam Cinkir, CEO von &quot;Este Medical Group&quot;, betonte, dass es sehr wichtig ist, sich der Sch\u00e4den bewusst zu sein,..\" \/>\n<meta name=\"robots\" content=\"index, follow, max-snippet:-1, max-image-preview:large, max-video-preview:-1\" \/>\n<link rel=\"canonical\" href=\"https:\/\/www.tung.ch\/de\/gesundheit\/beratung\/duschoptionen-und-haarausfall\/\" \/>\n<meta property=\"og:locale\" content=\"de_DE\" \/>\n<meta property=\"og:type\" content=\"article\" \/>\n<meta property=\"og:title\" content=\"Duschoptionen und Haarausfall - Tung\" \/>\n<meta property=\"og:description\" content=\"Haarausfall; Sam Cinkir, CEO von &quot;Este Medical Group&quot;, betonte, dass es sehr wichtig ist, sich der Sch\u00e4den bewusst zu sein,..\" \/>\n<meta property=\"og:url\" content=\"https:\/\/www.tung.ch\/de\/gesundheit\/beratung\/duschoptionen-und-haarausfall\/\" \/>\n<meta property=\"og:site_name\" content=\"Tung\" \/>\n<meta property=\"article:publisher\" content=\"https:\/\/www.facebook.com\/tungch\" \/>\n<meta property=\"article:published_time\" content=\"2023-05-03T13:40:58+00:00\" \/>\n<meta property=\"article:modified_time\" content=\"2023-06-16T19:55:06+00:00\" \/>\n<meta property=\"og:image\" content=\"https:\/\/www.tung.ch\/wp-content\/uploads\/2023\/05\/Dushi_01.webp\" \/>\n\t<meta property=\"og:image:width\" content=\"1600\" \/>\n\t<meta property=\"og:image:height\" content=\"1068\" \/>\n\t<meta property=\"og:image:type\" content=\"image\/webp\" \/>\n<meta name=\"author\" content=\"Redaktion\" \/>\n<meta name=\"twitter:card\" content=\"summary_large_image\" \/>\n<meta name=\"twitter:label1\" content=\"Verfasst von\" \/>\n\t<meta name=\"twitter:data1\" content=\"Redaktion\" \/>\n\t<meta name=\"twitter:label2\" content=\"Gesch\u00e4tzte Lesezeit\" \/>\n\t<meta name=\"twitter:data2\" content=\"2\u00a0Minuten\" \/>\n<script type=\"application\/ld+json\" class=\"yoast-schema-graph\">{\"@context\":\"https:\\\/\\\/schema.org\",\"@graph\":[{\"@type\":\"Article\",\"@id\":\"https:\\\/\\\/www.tung.ch\\\/de\\\/gesundheit\\\/beratung\\\/duschoptionen-und-haarausfall\\\/#article\",\"isPartOf\":{\"@id\":\"https:\\\/\\\/www.tung.ch\\\/de\\\/gesundheit\\\/beratung\\\/duschoptionen-und-haarausfall\\\/\"},\"author\":{\"name\":\"Redaktion\",\"@id\":\"https:\\\/\\\/www.tung.ch\\\/de\\\/#\\\/schema\\\/person\\\/92aac808d0d5ccd6ed4447d2ecfc7688\"},\"headline\":\"Duschoptionen und Haarausfall\",\"datePublished\":\"2023-05-03T13:40:58+00:00\",\"dateModified\":\"2023-06-16T19:55:06+00:00\",\"mainEntityOfPage\":{\"@id\":\"https:\\\/\\\/www.tung.ch\\\/de\\\/gesundheit\\\/beratung\\\/duschoptionen-und-haarausfall\\\/\"},\"wordCount\":187,\"publisher\":{\"@id\":\"https:\\\/\\\/www.tung.ch\\\/de\\\/#organization\"},\"image\":{\"@id\":\"https:\\\/\\\/www.tung.ch\\\/de\\\/gesundheit\\\/beratung\\\/duschoptionen-und-haarausfall\\\/#primaryimage\"},\"thumbnailUrl\":\"https:\\\/\\\/www.tung.ch\\\/wp-content\\\/uploads\\\/2023\\\/05\\\/Dushi_01.webp\",\"keywords\":[\"Duschoptionen\",\"Dushi\",\"Floket\",\"Gesundheit\",\"Haarausfall\",\"Haare\",\"Larja\",\"Renia\",\"Sch\u00e4den\",\"Sch\u00f6nheit\",\"Schuppen\",\"shendeti\"],\"articleSection\":[\"Beratung\"],\"inLanguage\":\"de\"},{\"@type\":\"WebPage\",\"@id\":\"https:\\\/\\\/www.tung.ch\\\/de\\\/gesundheit\\\/beratung\\\/duschoptionen-und-haarausfall\\\/\",\"url\":\"https:\\\/\\\/www.tung.ch\\\/de\\\/gesundheit\\\/beratung\\\/duschoptionen-und-haarausfall\\\/\",\"name\":\"Duschoptionen und Haarausfall - Tung\",\"isPartOf\":{\"@id\":\"https:\\\/\\\/www.tung.ch\\\/de\\\/#website\"},\"primaryImageOfPage\":{\"@id\":\"https:\\\/\\\/www.tung.ch\\\/de\\\/gesundheit\\\/beratung\\\/duschoptionen-und-haarausfall\\\/#primaryimage\"},\"image\":{\"@id\":\"https:\\\/\\\/www.tung.ch\\\/de\\\/gesundheit\\\/beratung\\\/duschoptionen-und-haarausfall\\\/#primaryimage\"},\"thumbnailUrl\":\"https:\\\/\\\/www.tung.ch\\\/wp-content\\\/uploads\\\/2023\\\/05\\\/Dushi_01.webp\",\"datePublished\":\"2023-05-03T13:40:58+00:00\",\"dateModified\":\"2023-06-16T19:55:06+00:00\",\"description\":\"Haarausfall; Sam Cinkir, CEO von \\\"Este Medical Group\\\", betonte, dass es sehr wichtig ist, sich der Sch\u00e4den bewusst zu sein,..\",\"breadcrumb\":{\"@id\":\"https:\\\/\\\/www.tung.ch\\\/de\\\/gesundheit\\\/beratung\\\/duschoptionen-und-haarausfall\\\/#breadcrumb\"},\"inLanguage\":\"de\",\"potentialAction\":[{\"@type\":\"ReadAction\",\"target\":[\"https:\\\/\\\/www.tung.ch\\\/de\\\/gesundheit\\\/beratung\\\/duschoptionen-und-haarausfall\\\/\"]}]},{\"@type\":\"ImageObject\",\"inLanguage\":\"de\",\"@id\":\"https:\\\/\\\/www.tung.ch\\\/de\\\/gesundheit\\\/beratung\\\/duschoptionen-und-haarausfall\\\/#primaryimage\",\"url\":\"https:\\\/\\\/www.tung.ch\\\/wp-content\\\/uploads\\\/2023\\\/05\\\/Dushi_01.webp\",\"contentUrl\":\"https:\\\/\\\/www.tung.ch\\\/wp-content\\\/uploads\\\/2023\\\/05\\\/Dushi_01.webp\",\"width\":1600,\"height\":1068,\"caption\":\"Dushi 01\"},{\"@type\":\"BreadcrumbList\",\"@id\":\"https:\\\/\\\/www.tung.ch\\\/de\\\/gesundheit\\\/beratung\\\/duschoptionen-und-haarausfall\\\/#breadcrumb\",\"itemListElement\":[{\"@type\":\"ListItem\",\"position\":1,\"name\":\"Startseite\",\"item\":\"https:\\\/\\\/www.tung.ch\\\/de\\\/tung\\\/\"},{\"@type\":\"ListItem\",\"position\":2,\"name\":\"Duschoptionen und Haarausfall\"}]},{\"@type\":\"WebSite\",\"@id\":\"https:\\\/\\\/www.tung.ch\\\/de\\\/#website\",\"url\":\"https:\\\/\\\/www.tung.ch\\\/de\\\/\",\"name\":\"Tung\",\"description\":\"www.tung.ch\",\"publisher\":{\"@id\":\"https:\\\/\\\/www.tung.ch\\\/de\\\/#organization\"},\"alternateName\":\"Aktuelle News\",\"potentialAction\":[{\"@type\":\"SearchAction\",\"target\":{\"@type\":\"EntryPoint\",\"urlTemplate\":\"https:\\\/\\\/www.tung.ch\\\/de\\\/?s={search_term_string}\"},\"query-input\":{\"@type\":\"PropertyValueSpecification\",\"valueRequired\":true,\"valueName\":\"search_term_string\"}}],\"inLanguage\":\"de\"},{\"@type\":\"Organization\",\"@id\":\"https:\\\/\\\/www.tung.ch\\\/de\\\/#organization\",\"name\":\"Tung\",\"alternateName\":\"Aktuelle News\",\"url\":\"https:\\\/\\\/www.tung.ch\\\/de\\\/\",\"logo\":{\"@type\":\"ImageObject\",\"inLanguage\":\"de\",\"@id\":\"https:\\\/\\\/www.tung.ch\\\/de\\\/#\\\/schema\\\/logo\\\/image\\\/\",\"url\":\"https:\\\/\\\/www.tung.ch\\\/wp-content\\\/uploads\\\/2023\\\/03\\\/tung-favicon.webp\",\"contentUrl\":\"https:\\\/\\\/www.tung.ch\\\/wp-content\\\/uploads\\\/2023\\\/03\\\/tung-favicon.webp\",\"width\":300,\"height\":300,\"caption\":\"Tung\"},\"image\":{\"@id\":\"https:\\\/\\\/www.tung.ch\\\/de\\\/#\\\/schema\\\/logo\\\/image\\\/\"},\"sameAs\":[\"https:\\\/\\\/www.facebook.com\\\/tungch\"]},{\"@type\":\"Person\",\"@id\":\"https:\\\/\\\/www.tung.ch\\\/de\\\/#\\\/schema\\\/person\\\/92aac808d0d5ccd6ed4447d2ecfc7688\",\"name\":\"Redaktion\",\"image\":{\"@type\":\"ImageObject\",\"inLanguage\":\"de\",\"@id\":\"https:\\\/\\\/secure.gravatar.com\\\/avatar\\\/e341907002d081fa14a986d22519e909374786e24c69f2dc03d73f2b902053a9?s=96&d=mm&r=g\",\"url\":\"https:\\\/\\\/secure.gravatar.com\\\/avatar\\\/e341907002d081fa14a986d22519e909374786e24c69f2dc03d73f2b902053a9?s=96&d=mm&r=g\",\"contentUrl\":\"https:\\\/\\\/secure.gravatar.com\\\/avatar\\\/e341907002d081fa14a986d22519e909374786e24c69f2dc03d73f2b902053a9?s=96&d=mm&r=g\",\"caption\":\"Redaktion\"},\"url\":\"https:\\\/\\\/www.tung.ch\\\/de\\\/author\\\/ilir\\\/\"}]}<\/script>\n<!-- \/ Yoast SEO plugin. -->","yoast_head_json":{"title":"Duschoptionen und Haarausfall - Tung","description":"Haarausfall; Sam Cinkir, CEO von \"Este Medical Group\", betonte, dass es sehr wichtig ist, sich der Sch\u00e4den bewusst zu sein,..","robots":{"index":"index","follow":"follow","max-snippet":"max-snippet:-1","max-image-preview":"max-image-preview:large","max-video-preview":"max-video-preview:-1"},"canonical":"https:\/\/www.tung.ch\/de\/gesundheit\/beratung\/duschoptionen-und-haarausfall\/","og_locale":"de_DE","og_type":"article","og_title":"Duschoptionen und Haarausfall - Tung","og_description":"Haarausfall; Sam Cinkir, CEO von \"Este Medical Group\", betonte, dass es sehr wichtig ist, sich der Sch\u00e4den bewusst zu sein,..","og_url":"https:\/\/www.tung.ch\/de\/gesundheit\/beratung\/duschoptionen-und-haarausfall\/","og_site_name":"Tung","article_publisher":"https:\/\/www.facebook.com\/tungch","article_published_time":"2023-05-03T13:40:58+00:00","article_modified_time":"2023-06-16T19:55:06+00:00","og_image":[{"width":1600,"height":1068,"url":"https:\/\/www.tung.ch\/wp-content\/uploads\/2023\/05\/Dushi_01.webp","type":"image\/webp"}],"author":"Redaktion","twitter_card":"summary_large_image","twitter_misc":{"Verfasst von":"Redaktion","Gesch\u00e4tzte Lesezeit":"2\u00a0Minuten"},"schema":{"@context":"https:\/\/schema.org","@graph":[{"@type":"Article","@id":"https:\/\/www.tung.ch\/de\/gesundheit\/beratung\/duschoptionen-und-haarausfall\/#article","isPartOf":{"@id":"https:\/\/www.tung.ch\/de\/gesundheit\/beratung\/duschoptionen-und-haarausfall\/"},"author":{"name":"Redaktion","@id":"https:\/\/www.tung.ch\/de\/#\/schema\/person\/92aac808d0d5ccd6ed4447d2ecfc7688"},"headline":"Duschoptionen und Haarausfall","datePublished":"2023-05-03T13:40:58+00:00","dateModified":"2023-06-16T19:55:06+00:00","mainEntityOfPage":{"@id":"https:\/\/www.tung.ch\/de\/gesundheit\/beratung\/duschoptionen-und-haarausfall\/"},"wordCount":187,"publisher":{"@id":"https:\/\/www.tung.ch\/de\/#organization"},"image":{"@id":"https:\/\/www.tung.ch\/de\/gesundheit\/beratung\/duschoptionen-und-haarausfall\/#primaryimage"},"thumbnailUrl":"https:\/\/www.tung.ch\/wp-content\/uploads\/2023\/05\/Dushi_01.webp","keywords":["Duschoptionen","Dushi","Floket","Gesundheit","Haarausfall","Haare","Larja","Renia","Sch\u00e4den","Sch\u00f6nheit","Schuppen","shendeti"],"articleSection":["Beratung"],"inLanguage":"de"},{"@type":"WebPage","@id":"https:\/\/www.tung.ch\/de\/gesundheit\/beratung\/duschoptionen-und-haarausfall\/","url":"https:\/\/www.tung.ch\/de\/gesundheit\/beratung\/duschoptionen-und-haarausfall\/","name":"Duschoptionen und Haarausfall - Tung","isPartOf":{"@id":"https:\/\/www.tung.ch\/de\/#website"},"primaryImageOfPage":{"@id":"https:\/\/www.tung.ch\/de\/gesundheit\/beratung\/duschoptionen-und-haarausfall\/#primaryimage"},"image":{"@id":"https:\/\/www.tung.ch\/de\/gesundheit\/beratung\/duschoptionen-und-haarausfall\/#primaryimage"},"thumbnailUrl":"https:\/\/www.tung.ch\/wp-content\/uploads\/2023\/05\/Dushi_01.webp","datePublished":"2023-05-03T13:40:58+00:00","dateModified":"2023-06-16T19:55:06+00:00","description":"Haarausfall; Sam Cinkir, CEO von \"Este Medical Group\", betonte, dass es sehr wichtig ist, sich der Sch\u00e4den bewusst zu sein,..","breadcrumb":{"@id":"https:\/\/www.tung.ch\/de\/gesundheit\/beratung\/duschoptionen-und-haarausfall\/#breadcrumb"},"inLanguage":"de","potentialAction":[{"@type":"ReadAction","target":["https:\/\/www.tung.ch\/de\/gesundheit\/beratung\/duschoptionen-und-haarausfall\/"]}]},{"@type":"ImageObject","inLanguage":"de","@id":"https:\/\/www.tung.ch\/de\/gesundheit\/beratung\/duschoptionen-und-haarausfall\/#primaryimage","url":"https:\/\/www.tung.ch\/wp-content\/uploads\/2023\/05\/Dushi_01.webp","contentUrl":"https:\/\/www.tung.ch\/wp-content\/uploads\/2023\/05\/Dushi_01.webp","width":1600,"height":1068,"caption":"Dushi 01"},{"@type":"BreadcrumbList","@id":"https:\/\/www.tung.ch\/de\/gesundheit\/beratung\/duschoptionen-und-haarausfall\/#breadcrumb","itemListElement":[{"@type":"ListItem","position":1,"name":"Startseite","item":"https:\/\/www.tung.ch\/de\/tung\/"},{"@type":"ListItem","position":2,"name":"Duschoptionen und Haarausfall"}]},{"@type":"WebSite","@id":"https:\/\/www.tung.ch\/de\/#website","url":"https:\/\/www.tung.ch\/de\/","name":"Tung","description":"www.tung.ch","publisher":{"@id":"https:\/\/www.tung.ch\/de\/#organization"},"alternateName":"Aktuelle News","potentialAction":[{"@type":"SearchAction","target":{"@type":"EntryPoint","urlTemplate":"https:\/\/www.tung.ch\/de\/?s={search_term_string}"},"query-input":{"@type":"PropertyValueSpecification","valueRequired":true,"valueName":"search_term_string"}}],"inLanguage":"de"},{"@type":"Organization","@id":"https:\/\/www.tung.ch\/de\/#organization","name":"Tung","alternateName":"Aktuelle News","url":"https:\/\/www.tung.ch\/de\/","logo":{"@type":"ImageObject","inLanguage":"de","@id":"https:\/\/www.tung.ch\/de\/#\/schema\/logo\/image\/","url":"https:\/\/www.tung.ch\/wp-content\/uploads\/2023\/03\/tung-favicon.webp","contentUrl":"https:\/\/www.tung.ch\/wp-content\/uploads\/2023\/03\/tung-favicon.webp","width":300,"height":300,"caption":"Tung"},"image":{"@id":"https:\/\/www.tung.ch\/de\/#\/schema\/logo\/image\/"},"sameAs":["https:\/\/www.facebook.com\/tungch"]},{"@type":"Person","@id":"https:\/\/www.tung.ch\/de\/#\/schema\/person\/92aac808d0d5ccd6ed4447d2ecfc7688","name":"Redaktion","image":{"@type":"ImageObject","inLanguage":"de","@id":"https:\/\/secure.gravatar.com\/avatar\/e341907002d081fa14a986d22519e909374786e24c69f2dc03d73f2b902053a9?s=96&d=mm&r=g","url":"https:\/\/secure.gravatar.com\/avatar\/e341907002d081fa14a986d22519e909374786e24c69f2dc03d73f2b902053a9?s=96&d=mm&r=g","contentUrl":"https:\/\/secure.gravatar.com\/avatar\/e341907002d081fa14a986d22519e909374786e24c69f2dc03d73f2b902053a9?s=96&d=mm&r=g","caption":"Redaktion"},"url":"https:\/\/www.tung.ch\/de\/author\/ilir\/"}]}},"_links":{"self":[{"href":"https:\/\/www.tung.ch\/de\/wp-json\/wp\/v2\/posts\/2456","targetHints":{"allow":["GET"]}}],"collection":[{"href":"https:\/\/www.tung.ch\/de\/wp-json\/wp\/v2\/posts"}],"about":[{"href":"https:\/\/www.tung.ch\/de\/wp-json\/wp\/v2\/types\/post"}],"author":[{"embeddable":true,"href":"https:\/\/www.tung.ch\/de\/wp-json\/wp\/v2\/users\/3"}],"replies":[{"embeddable":true,"href":"https:\/\/www.tung.ch\/de\/wp-json\/wp\/v2\/comments?post=2456"}],"version-history":[{"count":2,"href":"https:\/\/www.tung.ch\/de\/wp-json\/wp\/v2\/posts\/2456\/revisions"}],"predecessor-version":[{"id":2458,"href":"https:\/\/www.tung.ch\/de\/wp-json\/wp\/v2\/posts\/2456\/revisions\/2458"}],"wp:featuredmedia":[{"embeddable":true,"href":"https:\/\/www.tung.ch\/de\/wp-json\/wp\/v2\/media\/1787"}],"wp:attachment":[{"href":"https:\/\/www.tung.ch\/de\/wp-json\/wp\/v2\/media?parent=2456"}],"wp:term":[{"taxonomy":"category","embeddable":true,"href":"https:\/\/www.tung.ch\/de\/wp-json\/wp\/v2\/categories?post=2456"},{"taxonomy":"post_tag","embeddable":true,"href":"https:\/\/www.tung.ch\/de\/wp-json\/wp\/v2\/tags?post=2456"}],"curies":[{"name":"wp","href":"https:\/\/api.w.org\/{rel}","templated":true}]}}